{"id":279765,"date":"2026-04-23T12:03:56","date_gmt":"2026-04-23T10:03:56","guid":{"rendered":"https:\/\/kaunokolegija.lt\/vf\/?p=279765"},"modified":"2026-04-27T14:03:54","modified_gmt":"2026-04-27T12:03:54","slug":"verslo-aktualijos-busimuju-specialistu-poziuriu-2026-skelbiama-konferencijos-programa","status":"publish","type":"post","link":"https:\/\/kaunokolegija.lt\/vf\/naujienos\/verslo-aktualijos-busimuju-specialistu-poziuriu-2026-skelbiama-konferencijos-programa\/","title":{"rendered":"\u201eVerslo aktualijos b\u016bsim\u0173j\u0173 specialist\u0173 po\u017ei\u016briu 2026\u201c: skelbiama konferencijos programa"},"content":{"rendered":"\n<p class=\"is-style-justify\"><strong>Baland\u017eio 28 d., antradien\u012f, 10 val. Kauno kolegijoje (4-407 aud. Pramon\u0117s pr. 22A) vyks tradicin\u0117 Verslo fakulteto organizuojama mokslin\u0117-praktin\u0117 konferencija \u201eVerslo aktualijos b\u016bsim\u0173j\u0173 specialist\u0173 po\u017ei\u016briu 2026\u201c. <\/strong>Renginys yra skirtas skatinti student\u0173, d\u0117stytoj\u0173 ir verslo \u012fmoni\u0173 atstov\u0173 bendradarbiavim\u0105, atliekant taikomuosius tyrimus ir j\u0173 sklaid\u0105, diskutuojant jaunimui aktualiais klausimais. \u0160i konferencija suteikia erdv\u0119 b\u016bsimiesiems specialistams pristatyti savo po\u017ei\u016br\u012f \u012f opiausias rinkos problemas ir teikti pagr\u012fstus pasi\u016blymus joms spr\u0119sti.<\/p>\n\n\n\n<div class=\"wp-block-columns is-layout-flex wp-container-core-columns-is-layout-28f84493 wp-block-columns-is-layout-flex\">\n<div class=\"wp-block-column is-vertically-aligned-center is-layout-flow wp-block-column-is-layout-flow\">\n<p class=\"has-text-align-center is-style-justify\">Konferencijos program\u0105 atidarys <strong>plenarin\u0117 sesija<\/strong>, kurioje patirtimi dalinsis pripa\u017einti verslo vizionieriai, siekiantys \u012fkv\u0117pti b\u016bsimuosius specialistus ambicingiems profesiniams i\u0161\u0161\u016bkiams. Prane\u0161im\u0105 <strong>\u201eNeapykanta \u2013 kaina, kuri\u0105 tenka mok\u0117ti u\u017e didelius darbus\u201c<\/strong> skaitys <strong>\u201eAki\u0173 fotografijos\u201c \u012fk\u016br\u0117jas, jaunasis verslininkas Martas Tankevi\u010dius<\/strong>. Jo \u012f\u017evalgos pra\u0117jusi\u0173 met\u0173 konferencijoje sulauk\u0117 i\u0161skirtinio visuomen\u0117s susidom\u0117jimo, vir\u0161ijan\u010dio 80 t\u016bkstan\u010di\u0173 per\u017ei\u016br\u0173 skaitmenin\u0117se platformose. \u0160\u012fkart prane\u0161\u0117jas analizuos psichologin\u012f atsparum\u0105 bei s\u0117km\u0117s kain\u0105 realizuojant k\u016brybin\u012f potencial\u0105. <\/p>\n<\/div>\n\n\n\n<div class=\"wp-block-column is-layout-flow wp-block-column-is-layout-flow\">\n<figure class=\"wp-block-image size-full\"><img loading=\"lazy\" decoding=\"async\" width=\"1080\" height=\"1080\" src=\"https:\/\/kaunokolegija.lt\/vf\/wp-content\/uploads\/sites\/18\/2026\/04\/Pranesejai-VABSP-2026-1-1.png\" alt=\"\" class=\"wp-image-279770\" srcset=\"https:\/\/kaunokolegija.lt\/vf\/wp-content\/uploads\/sites\/18\/2026\/04\/Pranesejai-VABSP-2026-1-1.png 1080w, https:\/\/kaunokolegija.lt\/vf\/wp-content\/uploads\/sites\/18\/2026\/04\/Pranesejai-VABSP-2026-1-1-300x300.png 300w, https:\/\/kaunokolegija.lt\/vf\/wp-content\/uploads\/sites\/18\/2026\/04\/Pranesejai-VABSP-2026-1-1-1024x1024.png 1024w, https:\/\/kaunokolegija.lt\/vf\/wp-content\/uploads\/sites\/18\/2026\/04\/Pranesejai-VABSP-2026-1-1-150x150.png 150w, https:\/\/kaunokolegija.lt\/vf\/wp-content\/uploads\/sites\/18\/2026\/04\/Pranesejai-VABSP-2026-1-1-768x768.png 768w\" sizes=\"auto, (max-width: 1080px) 100vw, 1080px\" \/><\/figure>\n<\/div>\n<\/div>\n\n\n\n<div class=\"wp-block-columns is-layout-flex wp-container-core-columns-is-layout-28f84493 wp-block-columns-is-layout-flex\">\n<div class=\"wp-block-column is-layout-flow wp-block-column-is-layout-flow\">\n<figure class=\"wp-block-image size-full\"><img loading=\"lazy\" decoding=\"async\" width=\"1080\" height=\"1080\" src=\"https:\/\/kaunokolegija.lt\/vf\/wp-content\/uploads\/sites\/18\/2026\/04\/Pranesejai-VABSP-2026-4.png\" alt=\"\" class=\"wp-image-279784\" srcset=\"https:\/\/kaunokolegija.lt\/vf\/wp-content\/uploads\/sites\/18\/2026\/04\/Pranesejai-VABSP-2026-4.png 1080w, https:\/\/kaunokolegija.lt\/vf\/wp-content\/uploads\/sites\/18\/2026\/04\/Pranesejai-VABSP-2026-4-300x300.png 300w, https:\/\/kaunokolegija.lt\/vf\/wp-content\/uploads\/sites\/18\/2026\/04\/Pranesejai-VABSP-2026-4-1024x1024.png 1024w, https:\/\/kaunokolegija.lt\/vf\/wp-content\/uploads\/sites\/18\/2026\/04\/Pranesejai-VABSP-2026-4-150x150.png 150w, https:\/\/kaunokolegija.lt\/vf\/wp-content\/uploads\/sites\/18\/2026\/04\/Pranesejai-VABSP-2026-4-768x768.png 768w\" sizes=\"auto, (max-width: 1080px) 100vw, 1080px\" \/><\/figure>\n<\/div>\n\n\n\n<div class=\"wp-block-column is-vertically-aligned-center is-layout-flow wp-block-column-is-layout-flow\">\n<p>Verslumo tem\u0105 t\u0119s <strong>\u0161vietimo technologij\u0173 (EdTech) ekspertas, \u201eElic\u0117jaus\u201c vadovas bei \u201eEdTech Lithuania\u201c valdybos narys Mantas Vi\u010dius.<\/strong> Prane\u0161ime<strong> \u201eB\u016bti 20-ies \u2013 prana\u0161umas: kaip tiksl\u0105 paversti pelnu\u201c<\/strong> jis akcentuos studij\u0173 laikotarp\u012f kaip strategin\u0119 galimyb\u0119 kurti tvarius verslo modelius ir geb\u0117jim\u0105 dvejones paversti realiais veiksmais.<\/p>\n<\/div>\n<\/div>\n\n\n\n<p class=\"is-style-justify\">Po \u012fvadin\u0117s dalies darbas persikels \u012f septynias specializuotas sekcijas, kurios vyks skirtingose kolegijos erdv\u0117se. Studentai i\u0161 Kauno kolegijos bei kit\u0173 auk\u0161t\u0173j\u0173 mokykl\u0173, tarp kuri\u0173 \u2013 Lietuvos sporto universitetas, Vilniaus Gedimino technikos universitetas bei Kauno technologijos universitetas, pristatys savo mokslini\u0173 tyrim\u0173 rezultatus. Prane\u0161imuose bus nagrin\u0117jamos aktualios temos: nuo dirbtinio intelekto ir skaitmenin\u0117s rinkodaros sprendim\u0173 iki teisini\u0173 aspekt\u0173 darbo santykiuose bei aplinkosaugos pa\u017eeidim\u0173 vertinimo. Darbas sekcijose suteikia galimyb\u0119 b\u016bsimiesiems specialistams ne tik dalytis tyrim\u0173 \u012f\u017evalgomis, bet ir gauti gr\u012f\u017etam\u0105j\u012f ry\u0161\u012f i\u0161 moderatori\u0173 bei koleg\u0173.<\/p>\n\n\n\n<p class=\"is-style-justify\">Konferencij\u0105 vainikuos apibendrinamoji dalis, kurios metu bus paskelbti ir apdovanoti geriausi\u0173 prane\u0161im\u0173 autoriai. <\/p>\n\n\n\n<p class=\"has-text-align-center\"><strong>Kvie\u010diame susipa\u017einti su konferencijos programa!<\/strong><\/p>\n\n\n\n<div class=\"wp-block-buttons is-content-justification-center is-layout-flex wp-container-core-buttons-is-layout-a89b3969 wp-block-buttons-is-layout-flex\">\n<div class=\"wp-block-button\"><a class=\"wp-block-button__link has-base-background-color has-text-color has-background has-link-color wp-element-button\" href=\"https:\/\/kaunokolegija.lt\/vf\/wp-content\/uploads\/sites\/18\/2026\/04\/VABSP-2026-programa.pdf\" style=\"color:#399e97\">programa<\/a><\/div>\n<\/div>\n\n\n\n<p>Siekiant u\u017etikrinti kuo platesn\u0119 mokslo \u017eini\u0173 sklaid\u0105, konferencija yra atvira akademinei bendruomenei bei visuomenei \u2013 dalyvavimas nemokamas, o visi norintys prisijungti prie diskusij\u0173 gali tai padaryti be i\u0161ankstin\u0117s registracijos.<\/p>\n\n\n\n<p><em>Renginyje bus fotografuojama ir filmuojama, tod\u0117l informuojame, kad j\u016bs galite b\u016bti matomas renginio nuotraukose ar vaizdo \u012fra\u0161uose, kurie gali b\u016bti patalpinti vie\u0161ai prieinamose vietose: socialiniuose tinkluose, \u017einiasklaidoje bei tolesn\u0117je renginio komunikacijoje<\/em><\/p>\n\n\n\n<p><\/p>\n","protected":false},"excerpt":{"rendered":"<p>Baland\u017eio 28 d., antradien\u012f, 10 val. Kauno kolegijoje (4-407 aud. Pramon\u0117s pr. 22A) vyks tradicin\u0117 Verslo fakulteto organizuojama mokslin\u0117-praktin\u0117 konferencija \u201eVerslo aktualijos b\u016bsim\u0173j\u0173 specialist\u0173 po\u017ei\u016briu 2026\u201c. Renginys yra skirtas skatinti student\u0173, d\u0117stytoj\u0173&hellip;<\/p>\n","protected":false},"author":4,"featured_media":279774,"comment_status":"closed","ping_status":"closed","sticky":false,"template":"","format":"standard","meta":{"footnotes":""},"categories":[29],"tags":[72,151],"class_list":["post-279765","post","type-post","status-publish","format-standard","has-post-thumbnail","hentry","category-naujienos","tag-konferencija","tag-verslo-aktualijos-busimuju-specialistu-poziuriu"],"yoast_head":"<!-- This site is optimized with the Yoast SEO plugin v27.5 - https:\/\/yoast.com\/product\/yoast-seo-wordpress\/ -->\n<title>\u201eVerslo aktualijos b\u016bsim\u0173j\u0173 specialist\u0173 po\u017ei\u016briu 2026\u201c: skelbiama konferencijos programa - Verslo fakultetas<\/title>\n<meta name=\"robots\" content=\"index, follow, max-snippet:-1, max-image-preview:large, max-video-preview:-1\" \/>\n<link rel=\"canonical\" href=\"https:\/\/kaunokolegija.lt\/vf\/naujienos\/verslo-aktualijos-busimuju-specialistu-poziuriu-2026-skelbiama-konferencijos-programa\/\" \/>\n<meta property=\"og:locale\" content=\"lt_LT\" \/>\n<meta property=\"og:type\" content=\"article\" \/>\n<meta property=\"og:title\" content=\"\u201eVerslo aktualijos b\u016bsim\u0173j\u0173 specialist\u0173 po\u017ei\u016briu 2026\u201c: skelbiama konferencijos programa - Verslo fakultetas\" \/>\n<meta property=\"og:description\" content=\"Baland\u017eio 28 d., antradien\u012f, 10 val. Kauno kolegijoje (4-407 aud. Pramon\u0117s pr. 22A) vyks tradicin\u0117 Verslo fakulteto organizuojama mokslin\u0117-praktin\u0117 konferencija \u201eVerslo aktualijos b\u016bsim\u0173j\u0173 specialist\u0173 po\u017ei\u016briu 2026\u201c. Renginys yra skirtas skatinti student\u0173, d\u0117stytoj\u0173&hellip;\" \/>\n<meta property=\"og:url\" content=\"https:\/\/kaunokolegija.lt\/vf\/naujienos\/verslo-aktualijos-busimuju-specialistu-poziuriu-2026-skelbiama-konferencijos-programa\/\" \/>\n<meta property=\"og:site_name\" content=\"Verslo fakultetas\" \/>\n<meta property=\"article:publisher\" content=\"https:\/\/www.facebook.com\/Kauno.kolegija\/\" \/>\n<meta property=\"article:published_time\" content=\"2026-04-23T10:03:56+00:00\" \/>\n<meta property=\"article:modified_time\" content=\"2026-04-27T12:03:54+00:00\" \/>\n<meta property=\"og:image\" content=\"https:\/\/kaunokolegija.lt\/vf\/wp-content\/uploads\/sites\/18\/2026\/04\/VABSP-2026-uzsklanda-3.png\" \/>\n\t<meta property=\"og:image:width\" content=\"1920\" \/>\n\t<meta property=\"og:image:height\" content=\"1080\" \/>\n\t<meta property=\"og:image:type\" content=\"image\/png\" \/>\n<meta name=\"author\" content=\"emilija\" \/>\n<meta name=\"twitter:card\" content=\"summary_large_image\" \/>\n<meta name=\"twitter:label1\" content=\"Written by\" \/>\n\t<meta name=\"twitter:data1\" content=\"emilija\" \/>\n\t<meta name=\"twitter:label2\" content=\"Est. reading time\" \/>\n\t<meta name=\"twitter:data2\" content=\"3 minut\u0117s\" \/>\n<script type=\"application\/ld+json\" class=\"yoast-schema-graph\">{\"@context\":\"https:\\\/\\\/schema.org\",\"@graph\":[{\"@type\":\"Article\",\"@id\":\"https:\\\/\\\/kaunokolegija.lt\\\/vf\\\/naujienos\\\/verslo-aktualijos-busimuju-specialistu-poziuriu-2026-skelbiama-konferencijos-programa\\\/#article\",\"isPartOf\":{\"@id\":\"https:\\\/\\\/kaunokolegija.lt\\\/vf\\\/naujienos\\\/verslo-aktualijos-busimuju-specialistu-poziuriu-2026-skelbiama-konferencijos-programa\\\/\"},\"author\":{\"name\":\"emilija\",\"@id\":\"https:\\\/\\\/kaunokolegija.lt\\\/vf\\\/#\\\/schema\\\/person\\\/3cf4e099ceab256cb7a13183d9bb7070\"},\"headline\":\"\u201eVerslo aktualijos b\u016bsim\u0173j\u0173 specialist\u0173 po\u017ei\u016briu 2026\u201c: skelbiama konferencijos programa\",\"datePublished\":\"2026-04-23T10:03:56+00:00\",\"dateModified\":\"2026-04-27T12:03:54+00:00\",\"mainEntityOfPage\":{\"@id\":\"https:\\\/\\\/kaunokolegija.lt\\\/vf\\\/naujienos\\\/verslo-aktualijos-busimuju-specialistu-poziuriu-2026-skelbiama-konferencijos-programa\\\/\"},\"wordCount\":402,\"publisher\":{\"@id\":\"https:\\\/\\\/kaunokolegija.lt\\\/vf\\\/#organization\"},\"image\":{\"@id\":\"https:\\\/\\\/kaunokolegija.lt\\\/vf\\\/naujienos\\\/verslo-aktualijos-busimuju-specialistu-poziuriu-2026-skelbiama-konferencijos-programa\\\/#primaryimage\"},\"thumbnailUrl\":\"https:\\\/\\\/kaunokolegija.lt\\\/vf\\\/wp-content\\\/uploads\\\/sites\\\/18\\\/2026\\\/04\\\/VABSP-2026-uzsklanda-3.png\",\"keywords\":[\"konferencija\",\"verslo aktualijos b\u016bsim\u0173j\u0173 specialist\u0173 po\u017ei\u016briu\"],\"articleSection\":[\"Naujienos\"],\"inLanguage\":\"lt-LT\"},{\"@type\":\"WebPage\",\"@id\":\"https:\\\/\\\/kaunokolegija.lt\\\/vf\\\/naujienos\\\/verslo-aktualijos-busimuju-specialistu-poziuriu-2026-skelbiama-konferencijos-programa\\\/\",\"url\":\"https:\\\/\\\/kaunokolegija.lt\\\/vf\\\/naujienos\\\/verslo-aktualijos-busimuju-specialistu-poziuriu-2026-skelbiama-konferencijos-programa\\\/\",\"name\":\"\u201eVerslo aktualijos b\u016bsim\u0173j\u0173 specialist\u0173 po\u017ei\u016briu 2026\u201c: skelbiama konferencijos programa - Verslo fakultetas\",\"isPartOf\":{\"@id\":\"https:\\\/\\\/kaunokolegija.lt\\\/vf\\\/#website\"},\"primaryImageOfPage\":{\"@id\":\"https:\\\/\\\/kaunokolegija.lt\\\/vf\\\/naujienos\\\/verslo-aktualijos-busimuju-specialistu-poziuriu-2026-skelbiama-konferencijos-programa\\\/#primaryimage\"},\"image\":{\"@id\":\"https:\\\/\\\/kaunokolegija.lt\\\/vf\\\/naujienos\\\/verslo-aktualijos-busimuju-specialistu-poziuriu-2026-skelbiama-konferencijos-programa\\\/#primaryimage\"},\"thumbnailUrl\":\"https:\\\/\\\/kaunokolegija.lt\\\/vf\\\/wp-content\\\/uploads\\\/sites\\\/18\\\/2026\\\/04\\\/VABSP-2026-uzsklanda-3.png\",\"datePublished\":\"2026-04-23T10:03:56+00:00\",\"dateModified\":\"2026-04-27T12:03:54+00:00\",\"breadcrumb\":{\"@id\":\"https:\\\/\\\/kaunokolegija.lt\\\/vf\\\/naujienos\\\/verslo-aktualijos-busimuju-specialistu-poziuriu-2026-skelbiama-konferencijos-programa\\\/#breadcrumb\"},\"inLanguage\":\"lt-LT\",\"potentialAction\":[{\"@type\":\"ReadAction\",\"target\":[\"https:\\\/\\\/kaunokolegija.lt\\\/vf\\\/naujienos\\\/verslo-aktualijos-busimuju-specialistu-poziuriu-2026-skelbiama-konferencijos-programa\\\/\"]}]},{\"@type\":\"ImageObject\",\"inLanguage\":\"lt-LT\",\"@id\":\"https:\\\/\\\/kaunokolegija.lt\\\/vf\\\/naujienos\\\/verslo-aktualijos-busimuju-specialistu-poziuriu-2026-skelbiama-konferencijos-programa\\\/#primaryimage\",\"url\":\"https:\\\/\\\/kaunokolegija.lt\\\/vf\\\/wp-content\\\/uploads\\\/sites\\\/18\\\/2026\\\/04\\\/VABSP-2026-uzsklanda-3.png\",\"contentUrl\":\"https:\\\/\\\/kaunokolegija.lt\\\/vf\\\/wp-content\\\/uploads\\\/sites\\\/18\\\/2026\\\/04\\\/VABSP-2026-uzsklanda-3.png\",\"width\":1920,\"height\":1080},{\"@type\":\"BreadcrumbList\",\"@id\":\"https:\\\/\\\/kaunokolegija.lt\\\/vf\\\/naujienos\\\/verslo-aktualijos-busimuju-specialistu-poziuriu-2026-skelbiama-konferencijos-programa\\\/#breadcrumb\",\"itemListElement\":[{\"@type\":\"ListItem\",\"position\":1,\"name\":\"Home\",\"item\":\"https:\\\/\\\/kaunokolegija.lt\\\/vf\\\/\"},{\"@type\":\"ListItem\",\"position\":2,\"name\":\"\u201eVerslo aktualijos b\u016bsim\u0173j\u0173 specialist\u0173 po\u017ei\u016briu 2026\u201c: skelbiama konferencijos programa\"}]},{\"@type\":\"WebSite\",\"@id\":\"https:\\\/\\\/kaunokolegija.lt\\\/vf\\\/#website\",\"url\":\"https:\\\/\\\/kaunokolegija.lt\\\/vf\\\/\",\"name\":\"Verslo fakultetas\",\"description\":\"Kauno kolegija\",\"publisher\":{\"@id\":\"https:\\\/\\\/kaunokolegija.lt\\\/vf\\\/#organization\"},\"potentialAction\":[{\"@type\":\"SearchAction\",\"target\":{\"@type\":\"EntryPoint\",\"urlTemplate\":\"https:\\\/\\\/kaunokolegija.lt\\\/vf\\\/?s={search_term_string}\"},\"query-input\":{\"@type\":\"PropertyValueSpecification\",\"valueRequired\":true,\"valueName\":\"search_term_string\"}}],\"inLanguage\":\"lt-LT\"},{\"@type\":\"Organization\",\"@id\":\"https:\\\/\\\/kaunokolegija.lt\\\/vf\\\/#organization\",\"name\":\"Kauno kolegija\",\"url\":\"https:\\\/\\\/kaunokolegija.lt\\\/vf\\\/\",\"logo\":{\"@type\":\"ImageObject\",\"inLanguage\":\"lt-LT\",\"@id\":\"https:\\\/\\\/kaunokolegija.lt\\\/vf\\\/#\\\/schema\\\/logo\\\/image\\\/\",\"url\":\"https:\\\/\\\/kaunokolegija.lt\\\/vf\\\/wp-content\\\/uploads\\\/sites\\\/18\\\/2026\\\/01\\\/cropped-KK_VF_COLOR.png\",\"contentUrl\":\"https:\\\/\\\/kaunokolegija.lt\\\/vf\\\/wp-content\\\/uploads\\\/sites\\\/18\\\/2026\\\/01\\\/cropped-KK_VF_COLOR.png\",\"width\":2084,\"height\":2084,\"caption\":\"Kauno kolegija\"},\"image\":{\"@id\":\"https:\\\/\\\/kaunokolegija.lt\\\/vf\\\/#\\\/schema\\\/logo\\\/image\\\/\"},\"sameAs\":[\"https:\\\/\\\/www.facebook.com\\\/Kauno.kolegija\\\/\"]},{\"@type\":\"Person\",\"@id\":\"https:\\\/\\\/kaunokolegija.lt\\\/vf\\\/#\\\/schema\\\/person\\\/3cf4e099ceab256cb7a13183d9bb7070\",\"name\":\"emilija\",\"image\":{\"@type\":\"ImageObject\",\"inLanguage\":\"lt-LT\",\"@id\":\"https:\\\/\\\/secure.gravatar.com\\\/avatar\\\/69a4ba557881c0a0f72ffeab3590acbf029a6ec269c9c48288584bde0768c790?s=96&d=mm&r=g\",\"url\":\"https:\\\/\\\/secure.gravatar.com\\\/avatar\\\/69a4ba557881c0a0f72ffeab3590acbf029a6ec269c9c48288584bde0768c790?s=96&d=mm&r=g\",\"contentUrl\":\"https:\\\/\\\/secure.gravatar.com\\\/avatar\\\/69a4ba557881c0a0f72ffeab3590acbf029a6ec269c9c48288584bde0768c790?s=96&d=mm&r=g\",\"caption\":\"emilija\"},\"url\":\"https:\\\/\\\/kaunokolegija.lt\\\/vf\\\/naujienos\\\/author\\\/emilija\\\/\"}]}<\/script>\n<!-- \/ Yoast SEO plugin. -->","yoast_head_json":{"title":"\u201eVerslo aktualijos b\u016bsim\u0173j\u0173 specialist\u0173 po\u017ei\u016briu 2026\u201c: skelbiama konferencijos programa - Verslo fakultetas","robots":{"index":"index","follow":"follow","max-snippet":"max-snippet:-1","max-image-preview":"max-image-preview:large","max-video-preview":"max-video-preview:-1"},"canonical":"https:\/\/kaunokolegija.lt\/vf\/naujienos\/verslo-aktualijos-busimuju-specialistu-poziuriu-2026-skelbiama-konferencijos-programa\/","og_locale":"lt_LT","og_type":"article","og_title":"\u201eVerslo aktualijos b\u016bsim\u0173j\u0173 specialist\u0173 po\u017ei\u016briu 2026\u201c: skelbiama konferencijos programa - Verslo fakultetas","og_description":"Baland\u017eio 28 d., antradien\u012f, 10 val. Kauno kolegijoje (4-407 aud. Pramon\u0117s pr. 22A) vyks tradicin\u0117 Verslo fakulteto organizuojama mokslin\u0117-praktin\u0117 konferencija \u201eVerslo aktualijos b\u016bsim\u0173j\u0173 specialist\u0173 po\u017ei\u016briu 2026\u201c. Renginys yra skirtas skatinti student\u0173, d\u0117stytoj\u0173&hellip;","og_url":"https:\/\/kaunokolegija.lt\/vf\/naujienos\/verslo-aktualijos-busimuju-specialistu-poziuriu-2026-skelbiama-konferencijos-programa\/","og_site_name":"Verslo fakultetas","article_publisher":"https:\/\/www.facebook.com\/Kauno.kolegija\/","article_published_time":"2026-04-23T10:03:56+00:00","article_modified_time":"2026-04-27T12:03:54+00:00","og_image":[{"width":1920,"height":1080,"url":"https:\/\/kaunokolegija.lt\/vf\/wp-content\/uploads\/sites\/18\/2026\/04\/VABSP-2026-uzsklanda-3.png","type":"image\/png"}],"author":"emilija","twitter_card":"summary_large_image","twitter_misc":{"Written by":"emilija","Est. reading time":"3 minut\u0117s"},"schema":{"@context":"https:\/\/schema.org","@graph":[{"@type":"Article","@id":"https:\/\/kaunokolegija.lt\/vf\/naujienos\/verslo-aktualijos-busimuju-specialistu-poziuriu-2026-skelbiama-konferencijos-programa\/#article","isPartOf":{"@id":"https:\/\/kaunokolegija.lt\/vf\/naujienos\/verslo-aktualijos-busimuju-specialistu-poziuriu-2026-skelbiama-konferencijos-programa\/"},"author":{"name":"emilija","@id":"https:\/\/kaunokolegija.lt\/vf\/#\/schema\/person\/3cf4e099ceab256cb7a13183d9bb7070"},"headline":"\u201eVerslo aktualijos b\u016bsim\u0173j\u0173 specialist\u0173 po\u017ei\u016briu 2026\u201c: skelbiama konferencijos programa","datePublished":"2026-04-23T10:03:56+00:00","dateModified":"2026-04-27T12:03:54+00:00","mainEntityOfPage":{"@id":"https:\/\/kaunokolegija.lt\/vf\/naujienos\/verslo-aktualijos-busimuju-specialistu-poziuriu-2026-skelbiama-konferencijos-programa\/"},"wordCount":402,"publisher":{"@id":"https:\/\/kaunokolegija.lt\/vf\/#organization"},"image":{"@id":"https:\/\/kaunokolegija.lt\/vf\/naujienos\/verslo-aktualijos-busimuju-specialistu-poziuriu-2026-skelbiama-konferencijos-programa\/#primaryimage"},"thumbnailUrl":"https:\/\/kaunokolegija.lt\/vf\/wp-content\/uploads\/sites\/18\/2026\/04\/VABSP-2026-uzsklanda-3.png","keywords":["konferencija","verslo aktualijos b\u016bsim\u0173j\u0173 specialist\u0173 po\u017ei\u016briu"],"articleSection":["Naujienos"],"inLanguage":"lt-LT"},{"@type":"WebPage","@id":"https:\/\/kaunokolegija.lt\/vf\/naujienos\/verslo-aktualijos-busimuju-specialistu-poziuriu-2026-skelbiama-konferencijos-programa\/","url":"https:\/\/kaunokolegija.lt\/vf\/naujienos\/verslo-aktualijos-busimuju-specialistu-poziuriu-2026-skelbiama-konferencijos-programa\/","name":"\u201eVerslo aktualijos b\u016bsim\u0173j\u0173 specialist\u0173 po\u017ei\u016briu 2026\u201c: skelbiama konferencijos programa - Verslo fakultetas","isPartOf":{"@id":"https:\/\/kaunokolegija.lt\/vf\/#website"},"primaryImageOfPage":{"@id":"https:\/\/kaunokolegija.lt\/vf\/naujienos\/verslo-aktualijos-busimuju-specialistu-poziuriu-2026-skelbiama-konferencijos-programa\/#primaryimage"},"image":{"@id":"https:\/\/kaunokolegija.lt\/vf\/naujienos\/verslo-aktualijos-busimuju-specialistu-poziuriu-2026-skelbiama-konferencijos-programa\/#primaryimage"},"thumbnailUrl":"https:\/\/kaunokolegija.lt\/vf\/wp-content\/uploads\/sites\/18\/2026\/04\/VABSP-2026-uzsklanda-3.png","datePublished":"2026-04-23T10:03:56+00:00","dateModified":"2026-04-27T12:03:54+00:00","breadcrumb":{"@id":"https:\/\/kaunokolegija.lt\/vf\/naujienos\/verslo-aktualijos-busimuju-specialistu-poziuriu-2026-skelbiama-konferencijos-programa\/#breadcrumb"},"inLanguage":"lt-LT","potentialAction":[{"@type":"ReadAction","target":["https:\/\/kaunokolegija.lt\/vf\/naujienos\/verslo-aktualijos-busimuju-specialistu-poziuriu-2026-skelbiama-konferencijos-programa\/"]}]},{"@type":"ImageObject","inLanguage":"lt-LT","@id":"https:\/\/kaunokolegija.lt\/vf\/naujienos\/verslo-aktualijos-busimuju-specialistu-poziuriu-2026-skelbiama-konferencijos-programa\/#primaryimage","url":"https:\/\/kaunokolegija.lt\/vf\/wp-content\/uploads\/sites\/18\/2026\/04\/VABSP-2026-uzsklanda-3.png","contentUrl":"https:\/\/kaunokolegija.lt\/vf\/wp-content\/uploads\/sites\/18\/2026\/04\/VABSP-2026-uzsklanda-3.png","width":1920,"height":1080},{"@type":"BreadcrumbList","@id":"https:\/\/kaunokolegija.lt\/vf\/naujienos\/verslo-aktualijos-busimuju-specialistu-poziuriu-2026-skelbiama-konferencijos-programa\/#breadcrumb","itemListElement":[{"@type":"ListItem","position":1,"name":"Home","item":"https:\/\/kaunokolegija.lt\/vf\/"},{"@type":"ListItem","position":2,"name":"\u201eVerslo aktualijos b\u016bsim\u0173j\u0173 specialist\u0173 po\u017ei\u016briu 2026\u201c: skelbiama konferencijos programa"}]},{"@type":"WebSite","@id":"https:\/\/kaunokolegija.lt\/vf\/#website","url":"https:\/\/kaunokolegija.lt\/vf\/","name":"Verslo fakultetas","description":"Kauno kolegija","publisher":{"@id":"https:\/\/kaunokolegija.lt\/vf\/#organization"},"potentialAction":[{"@type":"SearchAction","target":{"@type":"EntryPoint","urlTemplate":"https:\/\/kaunokolegija.lt\/vf\/?s={search_term_string}"},"query-input":{"@type":"PropertyValueSpecification","valueRequired":true,"valueName":"search_term_string"}}],"inLanguage":"lt-LT"},{"@type":"Organization","@id":"https:\/\/kaunokolegija.lt\/vf\/#organization","name":"Kauno kolegija","url":"https:\/\/kaunokolegija.lt\/vf\/","logo":{"@type":"ImageObject","inLanguage":"lt-LT","@id":"https:\/\/kaunokolegija.lt\/vf\/#\/schema\/logo\/image\/","url":"https:\/\/kaunokolegija.lt\/vf\/wp-content\/uploads\/sites\/18\/2026\/01\/cropped-KK_VF_COLOR.png","contentUrl":"https:\/\/kaunokolegija.lt\/vf\/wp-content\/uploads\/sites\/18\/2026\/01\/cropped-KK_VF_COLOR.png","width":2084,"height":2084,"caption":"Kauno kolegija"},"image":{"@id":"https:\/\/kaunokolegija.lt\/vf\/#\/schema\/logo\/image\/"},"sameAs":["https:\/\/www.facebook.com\/Kauno.kolegija\/"]},{"@type":"Person","@id":"https:\/\/kaunokolegija.lt\/vf\/#\/schema\/person\/3cf4e099ceab256cb7a13183d9bb7070","name":"emilija","image":{"@type":"ImageObject","inLanguage":"lt-LT","@id":"https:\/\/secure.gravatar.com\/avatar\/69a4ba557881c0a0f72ffeab3590acbf029a6ec269c9c48288584bde0768c790?s=96&d=mm&r=g","url":"https:\/\/secure.gravatar.com\/avatar\/69a4ba557881c0a0f72ffeab3590acbf029a6ec269c9c48288584bde0768c790?s=96&d=mm&r=g","contentUrl":"https:\/\/secure.gravatar.com\/avatar\/69a4ba557881c0a0f72ffeab3590acbf029a6ec269c9c48288584bde0768c790?s=96&d=mm&r=g","caption":"emilija"},"url":"https:\/\/kaunokolegija.lt\/vf\/naujienos\/author\/emilija\/"}]}},"_links":{"self":[{"href":"https:\/\/kaunokolegija.lt\/vf\/wp-json\/wp\/v2\/posts\/279765","targetHints":{"allow":["GET"]}}],"collection":[{"href":"https:\/\/kaunokolegija.lt\/vf\/wp-json\/wp\/v2\/posts"}],"about":[{"href":"https:\/\/kaunokolegija.lt\/vf\/wp-json\/wp\/v2\/types\/post"}],"author":[{"embeddable":true,"href":"https:\/\/kaunokolegija.lt\/vf\/wp-json\/wp\/v2\/users\/4"}],"replies":[{"embeddable":true,"href":"https:\/\/kaunokolegija.lt\/vf\/wp-json\/wp\/v2\/comments?post=279765"}],"version-history":[{"count":9,"href":"https:\/\/kaunokolegija.lt\/vf\/wp-json\/wp\/v2\/posts\/279765\/revisions"}],"predecessor-version":[{"id":279789,"href":"https:\/\/kaunokolegija.lt\/vf\/wp-json\/wp\/v2\/posts\/279765\/revisions\/279789"}],"wp:featuredmedia":[{"embeddable":true,"href":"https:\/\/kaunokolegija.lt\/vf\/wp-json\/wp\/v2\/media\/279774"}],"wp:attachment":[{"href":"https:\/\/kaunokolegija.lt\/vf\/wp-json\/wp\/v2\/media?parent=279765"}],"wp:term":[{"taxonomy":"category","embeddable":true,"href":"https:\/\/kaunokolegija.lt\/vf\/wp-json\/wp\/v2\/categories?post=279765"},{"taxonomy":"post_tag","embeddable":true,"href":"https:\/\/kaunokolegija.lt\/vf\/wp-json\/wp\/v2\/tags?post=279765"}],"curies":[{"name":"wp","href":"https:\/\/api.w.org\/{rel}","templated":true}]}}