{"id":279635,"date":"2026-04-02T13:03:54","date_gmt":"2026-04-02T11:03:54","guid":{"rendered":"https:\/\/kaunokolegija.lt\/vf\/?p=279635"},"modified":"2026-04-02T13:03:54","modified_gmt":"2026-04-02T11:03:54","slug":"verslo-fakulteto-mokslininku-izvalgos-kaip-karas-ukrainoje-keicia-europos-energetikos-ir-verslo-strategijas","status":"publish","type":"post","link":"https:\/\/kaunokolegija.lt\/vf\/naujienos\/verslo-fakulteto-mokslininku-izvalgos-kaip-karas-ukrainoje-keicia-europos-energetikos-ir-verslo-strategijas\/","title":{"rendered":"Verslo fakulteto mokslinink\u0173 \u012f\u017evalgos: kaip karas Ukrainoje kei\u010dia Europos energetikos ir verslo strategijas?"},"content":{"rendered":"\n<p class=\"is-style-justify\">Rusijos karas prie\u0161 Ukrain\u0105, JAV ir Izraelio karas su Iranu atskleid\u0117 gilius strukt\u016brinius Europos energetikos sistemos pa\u017eeid\u017eiamumus, teigia Kauno kolegijos Verslo fakulteto tyr\u0117jai \u2013 energetikos politikos, vadybos ir ekonomikos srityse dirbantys mokslininkai.<\/p>\n\n\n\n<p class=\"is-style-justify\">Pasak j\u0173, daugel\u012f met\u0173 trukusi priklausomyb\u0117 nuo i\u0161orini\u0173 tiek\u0117j\u0173, ypa\u010d rusi\u0161k\u0173 gamtini\u0173 duj\u0173, prasid\u0117jus Rusijos karui prie\u0161 Ukrain\u0105 virto reik\u0161mingu energetinio saugumo i\u0161\u0161\u016bkiu. Tuo tarpu nuo JAV ir Izraelio konflikto su Iranu prad\u017eios vasario 28 d. Europos duj\u0173 kainos stipriai i\u0161augo, o papildom\u0105 nerim\u0105 kelia sm\u016bgiai Kataro SGD infrastrukt\u016brai bei trikd\u017eiai Hormuzo s\u0105siauryje.<\/p>\n\n\n\n<p><strong>Ekonominis spaudimas ir investicij\u0173 poky\u010diai<\/strong><\/p>\n\n\n\n<div class=\"wp-block-columns is-layout-flex wp-container-core-columns-is-layout-28f84493 wp-block-columns-is-layout-flex\">\n<div class=\"wp-block-column is-layout-flow wp-block-column-is-layout-flow\">\n<p class=\"is-style-justify\">Vienas grei\u010diausiai pajust\u0173 Rusijos karo prie\u0161 Ukrain\u0105 padarini\u0173 2022 m. buvo staigus energijos kain\u0173 augimas. 2026 m. kovo m\u0117nes\u012f gamtini\u0173 duj\u0173 kainos smarkiai i\u0161augo ne tik d\u0117l besit\u0119sian\u010dio konflikto, bet ir d\u0117l platesni\u0173 geopolitini\u0173 \u012ftamp\u0173 pasaulin\u0117se energijos rinkose \u2013 kai kuriais atvejais jos padid\u0117jo net iki 65 proc.<\/p>\n\n\n\n<p class=\"is-style-justify\">Kauno kolegijos Verslo fakulteto docentas dr. Bahmanas Peyravi, tyrin\u0117jantis inovacij\u0173 vadyb\u0105, ekoinovacijas, \u017eiedin\u0117s ekonomikos sprendimus ir tvari\u0105 verslo transformacij\u0105 ma\u017eose ir vidutin\u0117se \u012fmon\u0117se, teigia, kad u\u017esit\u0119s\u0119s rink\u0173 nepastovumas jau kei\u010dia investicij\u0173 kryptis visoje Europoje \u2013 kapitalas perskirstomas nuo ilgalaiki\u0173 tvarumo projekt\u0173 \u012f grei\u010diau atsiperkan\u010dius energetinio saugumo sprendimus.<\/p>\n<\/div>\n\n\n\n<div class=\"wp-block-column is-layout-flow wp-block-column-is-layout-flow\">\n<figure class=\"wp-block-image aligncenter size-full is-resized\"><img loading=\"lazy\" decoding=\"async\" width=\"1010\" height=\"697\" src=\"https:\/\/kaunokolegija.lt\/vf\/wp-content\/uploads\/sites\/18\/2026\/04\/Dr.-Bahman-Peyravi.png\" alt=\"\" class=\"wp-image-279636\" style=\"object-fit:cover;width:500px;height:500px\" srcset=\"https:\/\/kaunokolegija.lt\/vf\/wp-content\/uploads\/sites\/18\/2026\/04\/Dr.-Bahman-Peyravi.png 1010w, https:\/\/kaunokolegija.lt\/vf\/wp-content\/uploads\/sites\/18\/2026\/04\/Dr.-Bahman-Peyravi-300x207.png 300w, https:\/\/kaunokolegija.lt\/vf\/wp-content\/uploads\/sites\/18\/2026\/04\/Dr.-Bahman-Peyravi-768x530.png 768w\" sizes=\"auto, (max-width: 1010px) 100vw, 1010px\" \/><figcaption class=\"wp-element-caption\"><em>Doc. dr. Bahman Peyravi<\/em><\/figcaption><\/figure>\n<\/div>\n<\/div>\n\n\n\n<p class=\"is-style-justify\">\u201eEsant ekonominiam neapibr\u0117\u017etumui tiek vald\u017eios institucijos, tiek verslas link\u0119 teikti pirmenyb\u0119 neatid\u0117liotiniems energetinio saugumo sprendimams, o ne ilgalaikiams tvarumo tikslams, tod\u0117l \u017ealioji transformacija tampa atsargesn\u0117 ir netolygesn\u0117\u201c, \u2013 pa\u017eymi dr. B. Peyravi.<\/p>\n\n\n\n<p class=\"is-style-justify\">Tuo pat metu kriz\u0117 stiprina politines diskusijas Europos S\u0105jungoje. Pasak jo, svarstymai apie galim\u0105 kai kuri\u0173 energetini\u0173 ry\u0161i\u0173 su Rusija atk\u016brim\u0105, siekiant suma\u017einti ekonomin\u012f spaudim\u0105, atskleid\u017eia vis didesnius nesutarimus d\u0117l to, kaip suderinti energetin\u012f saugum\u0105 ir klimato \u012fsipareigojimus. Vie\u0161ojoje erdv\u0117je vis da\u017eniau keliami klausimai, ar trumpalaikiai ekonominiai interesai nepradeda nustelbti ilgalaiki\u0173 strategini\u0173 tiksl\u0173.<\/p>\n\n\n\n<p><strong>Infrastrukt\u016bra \u2013 silpnoji grandis<\/strong><\/p>\n\n\n\n<p class=\"is-style-justify\">Nepaisant i\u0161\u0161\u016bki\u0173, Europa ir toliau ple\u010dia atsinaujinan\u010dios energetikos paj\u0117gumus. Europos Komisijos duomenimis, 2024 metais beveik pus\u0117 (47,5 proc.) ES elektros energijos buvo pagaminama i\u0161 atsinaujinan\u010di\u0173 \u0161altini\u0173, o saul\u0117s energija augo rekordiniu grei\u010diu \u2013 nuo vos 1 proc. 2008 m. iki 23,4 proc. 2024 m.<\/p>\n\n\n\n<p class=\"is-style-justify\">Vis d\u0117lto pl\u0117tros tempas ir infrastrukt\u016bros pasirengimas dar neatitinka reali\u0173 poreiki\u0173, pa\u017eymi energetikos ekonomikos srityje besispecializuojanti Kauno kolegijos Verslo katedros docent\u0117 dr. Indr\u0117 \u0160ik\u0161nelyt\u0117-Butkien\u0117. Ji akcentuoja, kad vien generavimo paj\u0117gum\u0173 didinimo nepakanka \u2013 b\u016btina i\u0161 esm\u0117s stiprinti ir modernizuoti elektros tinklus.<\/p>\n\n\n\n<p class=\"is-style-justify\">Ekspert\u0117 apibendrina, kad nors ir atsinaujinan\u010dios energijos pl\u0117tra yra esmin\u0117 energetikos transformacijos dalis, be tinkamos infrastrukt\u016bros ji pati savaime neu\u017etikrina visos energetikos sistemos stabilumo.&nbsp;<\/p>\n\n\n\n<p class=\"is-style-justify\">\u201eNors atsinaujinan\u010dios energetikos paj\u0117gumai spar\u010diai auga, elektros tinkl\u0173 pl\u0117tra, energijos kaupimo sprendimai ir sistemos lankstumas vystosi gerokai l\u0117\u010diau. Tod\u0117l visos energetikos sistemos modernizavimas yra b\u016btinas, siekiant paspartinti transformacij\u0105, padidinti jos saugum\u0105 ir suma\u017einti pa\u017eeid\u017eiamum\u0105 i\u0161or\u0117s sukr\u0117timams\u201c, \u2013 ai\u0161kina docent\u0117.&nbsp;<\/p>\n\n\n\n<p><strong>Verslo ir politikos dilema<\/strong><\/p>\n\n\n\n<div class=\"wp-block-columns is-layout-flex wp-container-core-columns-is-layout-28f84493 wp-block-columns-is-layout-flex\">\n<div class=\"wp-block-column is-layout-flow wp-block-column-is-layout-flow\">\n<figure class=\"wp-block-image aligncenter size-full is-resized\"><img loading=\"lazy\" decoding=\"async\" width=\"1707\" height=\"2560\" src=\"https:\/\/kaunokolegija.lt\/vf\/wp-content\/uploads\/sites\/18\/2026\/04\/Dr.-Evelina-Gulbovaite-scaled.jpg\" alt=\"\" class=\"wp-image-279637\" style=\"object-fit:cover;width:500px;height:500px\" srcset=\"https:\/\/kaunokolegija.lt\/vf\/wp-content\/uploads\/sites\/18\/2026\/04\/Dr.-Evelina-Gulbovaite-scaled.jpg 1707w, https:\/\/kaunokolegija.lt\/vf\/wp-content\/uploads\/sites\/18\/2026\/04\/Dr.-Evelina-Gulbovaite-200x300.jpg 200w, https:\/\/kaunokolegija.lt\/vf\/wp-content\/uploads\/sites\/18\/2026\/04\/Dr.-Evelina-Gulbovaite-683x1024.jpg 683w, https:\/\/kaunokolegija.lt\/vf\/wp-content\/uploads\/sites\/18\/2026\/04\/Dr.-Evelina-Gulbovaite-768x1152.jpg 768w, https:\/\/kaunokolegija.lt\/vf\/wp-content\/uploads\/sites\/18\/2026\/04\/Dr.-Evelina-Gulbovaite-1024x1536.jpg 1024w, https:\/\/kaunokolegija.lt\/vf\/wp-content\/uploads\/sites\/18\/2026\/04\/Dr.-Evelina-Gulbovaite-1365x2048.jpg 1365w\" sizes=\"auto, (max-width: 1707px) 100vw, 1707px\" \/><figcaption class=\"wp-element-caption\"><em>Dr. Evelina Gulbovait\u0117<\/em><\/figcaption><\/figure>\n<\/div>\n\n\n\n<div class=\"wp-block-column is-layout-flow wp-block-column-is-layout-flow\">\n<p class=\"is-style-justify\">Kauno kolegijos Turizmo ir laisvalaikio vadybos katedros tyr\u0117ja&nbsp;dr. Evelina Gulbovait\u0117 pa\u017eymi, kad \u012fmoni\u0173 strategijose tvarumo tikslai susiduria su stipriu trumpalaiki\u0173 prioritet\u0173 spaudimu. Mokslinink\u0117s teigimu, stabilus tiekimas \u0161iuo metu da\u017enai tampa svarbesnis u\u017e ekologinius rodiklius.&nbsp;<\/p>\n\n\n\n<p class=\"is-style-justify\">\u201eKaras parod\u0117, kad \u012fmon\u0117ms vis sunkiau derinti ilgalaikius tvarumo tikslus su neatid\u0117liotinais energetinio saugumo, tiekimo stabilumo ir augan\u010di\u0173 s\u0105naud\u0173 i\u0161\u0161\u016bkiais\u201c, \u2013 sako vadybos ekspert\u0117.<\/p>\n\n\n\n<p>Pana\u0161i\u0105 tendencij\u0105 \u012f\u017evelgia ir Kauno kolegijos ekonomikos srities tyr\u0117ja, Verslo fakulteto prodekan\u0117 mokslui dr. Aist\u0117 Lastauskait\u0117. Ji pabr\u0117\u017eia, kad energetikos transformacija yra ne tik technologinis procesas, bet ir sud\u0117tingas politinio bei ekonominio balansavimo klausimas.<\/p>\n<\/div>\n<\/div>\n\n\n\n<p class=\"is-style-justify\">Ekonomist\u0117 pa\u017eymi, kad did\u017eiul\u0117s pradin\u0117s investicijos tampa sunkia na\u0161ta krizi\u0173 laikotarpiu: \u201eNors atsinaujinanti energetika \u017eada ilgalaik\u0119 nepriklausomyb\u0119 ir stabilum\u0105, didel\u0117s pradin\u0117s investicijos ir infrastrukt\u016bros poreikiai apsunkina galimybes krizi\u0173 laikotarpiu \u012fgyvendinti ambicingus klimato tikslus.\u201c<\/p>\n\n\n\n<div class=\"wp-block-columns is-layout-flex wp-container-core-columns-is-layout-28f84493 wp-block-columns-is-layout-flex\"><\/div>\n\n\n\n<p><strong>Ateities perspektyva: ar pavyks i\u0161laikyti kurs\u0105?<\/strong><\/p>\n\n\n\n<p class=\"is-style-justify\">Nors \u017ealiosios transformacijos tempas l\u0117t\u0117ja, procesas nesustojo. Visuomen\u0117s palaikymas \u0161iai kryp\u010diai i\u0161lieka stiprus \u2013 naujausi \u201eEurobarometro\u201c duomenys rodo, kad 88 proc. europie\u010di\u0173 remia aktyvesnius veiksmus, pl\u0117tojant atsinaujinan\u010di\u0105 energetik\u0105.<\/p>\n\n\n\n<div class=\"wp-block-columns is-layout-flex wp-container-core-columns-is-layout-28f84493 wp-block-columns-is-layout-flex\">\n<div class=\"wp-block-column is-vertically-aligned-center is-layout-flow wp-block-column-is-layout-flow\">\n<figure class=\"wp-block-image aligncenter size-full is-resized\"><img loading=\"lazy\" decoding=\"async\" width=\"886\" height=\"886\" src=\"https:\/\/kaunokolegija.lt\/vf\/wp-content\/uploads\/sites\/18\/2026\/04\/Dr.-Justas-Streimikis.jpeg\" alt=\"\" class=\"wp-image-279638\" style=\"object-fit:cover;width:500px;height:500px\" srcset=\"https:\/\/kaunokolegija.lt\/vf\/wp-content\/uploads\/sites\/18\/2026\/04\/Dr.-Justas-Streimikis.jpeg 886w, https:\/\/kaunokolegija.lt\/vf\/wp-content\/uploads\/sites\/18\/2026\/04\/Dr.-Justas-Streimikis-300x300.jpeg 300w, https:\/\/kaunokolegija.lt\/vf\/wp-content\/uploads\/sites\/18\/2026\/04\/Dr.-Justas-Streimikis-150x150.jpeg 150w, https:\/\/kaunokolegija.lt\/vf\/wp-content\/uploads\/sites\/18\/2026\/04\/Dr.-Justas-Streimikis-768x768.jpeg 768w\" sizes=\"auto, (max-width: 886px) 100vw, 886px\" \/><figcaption class=\"wp-element-caption\"><em>Dr. Justas \u0160treimikis<\/em><\/figcaption><\/figure>\n<\/div>\n\n\n\n<div class=\"wp-block-column is-layout-flow wp-block-column-is-layout-flow\">\n<p class=\"is-style-justify\">Tvarumo ekspertas, Kauno kolegijos Verslo katedros tyr\u0117jas dr. Justas \u0160treimikis \u012fsp\u0117ja, kad be ai\u0161kios politin\u0117s valios laikinos kriz\u0117s valdymo priemon\u0117s gali tapti nuolatin\u0117mis. Ekspertas pabr\u0117\u017eia b\u016btinyb\u0119 \u0161alinti biurokratines kli\u016btis, kad trumpalaikiai sprendimai netapt\u0173 stabd\u017eiu atei\u010diai.&nbsp;<\/p>\n\n\n\n<p class=\"is-style-justify\">\u201eTrumpalaikiai energetinio saugumo i\u0161\u0161\u016bkiai vis dar gali nustelbti ilgalaikius klimato tikslus. Jei ekonominis ir geopolitinis spaudimas ir toliau dominuos politiniuose sprendimuose, laikinos krizi\u0173 valdymo priemon\u0117s gali sul\u0117tinti ar net susilpninti bendr\u0105 transformacij\u0105\u201c, \u2013 apibendrina dr. J. \u0160treimikis.<\/p>\n\n\n\n<p class=\"is-style-justify\">Pastarieji karai ai\u0161kiai parod\u0117: Europa privalo vienu metu siekti dviej\u0173 tiksl\u0173 \u2013 u\u017etikrinti patikim\u0105 energijos tiekim\u0105 trumpuoju laikotarpiu ir t\u0119sti ilgalaik\u0119 transformacij\u0105. Kaip s\u0117kmingai \u0161ie prioritetai bus suderinti, tur\u0117s lemiam\u0105 \u012ftak\u0105 Europos ekonominiam konkurencingumui ir politiniam stabilumui ateityje.&nbsp;<\/p>\n<\/div>\n<\/div>\n\n\n\n<p class=\"is-style-justify\">B\u016btent tod\u0117l, Kauno kolegijos mokslinink\u0173 vertinimu, siekiant i\u0161laikyti \u017ealiosios transformacijos krypt\u012f, \u0161iandien tampa ypa\u010d svarbu u\u017etikrinti ai\u0161ki\u0105 politin\u0119 vizij\u0105, ry\u017etingai ma\u017einti reguliacines bei finansines kli\u016btis ir stiprinti strategin\u012f koordinavim\u0105 visos Europos mastu.<\/p>\n\n\n\n<p class=\"has-text-align-right has-xs-font-size\"><em>Straipsnis publikuotas <a href=\"https:\/\/www.15min.lt\/verslas\/naujiena\/energetika\/mokslininku-izvalgos-kaip-karas-ukrainoje-keicia-europos-energetikos-ir-verslo-strategijas-664-2654414\">15 min.lt<\/a><\/em><\/p>\n","protected":false},"excerpt":{"rendered":"<p>Rusijos karas prie\u0161 Ukrain\u0105, JAV ir Izraelio karas su Iranu atskleid\u0117 gilius strukt\u016brinius Europos energetikos sistemos pa\u017eeid\u017eiamumus, teigia Kauno kolegijos Verslo fakulteto tyr\u0117jai \u2013 energetikos politikos, vadybos ir ekonomikos srityse dirbantys mokslininkai.&hellip;<\/p>\n","protected":false},"author":4,"featured_media":279639,"comment_status":"closed","ping_status":"closed","sticky":false,"template":"","format":"standard","meta":{"footnotes":""},"categories":[29],"tags":[172,119],"class_list":["post-279635","post","type-post","status-publish","format-standard","has-post-thumbnail","hentry","category-naujienos","tag-mokslas","tag-ziniasklaida"],"yoast_head":"<!-- This site is optimized with the Yoast SEO plugin v27.5 - https:\/\/yoast.com\/product\/yoast-seo-wordpress\/ -->\n<title>Verslo fakulteto mokslinink\u0173 \u012f\u017evalgos: kaip karas Ukrainoje kei\u010dia Europos energetikos ir verslo strategijas? - Verslo fakultetas<\/title>\n<meta name=\"robots\" content=\"index, follow, max-snippet:-1, max-image-preview:large, max-video-preview:-1\" \/>\n<link rel=\"canonical\" href=\"https:\/\/kaunokolegija.lt\/vf\/naujienos\/verslo-fakulteto-mokslininku-izvalgos-kaip-karas-ukrainoje-keicia-europos-energetikos-ir-verslo-strategijas\/\" \/>\n<meta property=\"og:locale\" content=\"lt_LT\" \/>\n<meta property=\"og:type\" content=\"article\" \/>\n<meta property=\"og:title\" content=\"Verslo fakulteto mokslinink\u0173 \u012f\u017evalgos: kaip karas Ukrainoje kei\u010dia Europos energetikos ir verslo strategijas? - Verslo fakultetas\" \/>\n<meta property=\"og:description\" content=\"Rusijos karas prie\u0161 Ukrain\u0105, JAV ir Izraelio karas su Iranu atskleid\u0117 gilius strukt\u016brinius Europos energetikos sistemos pa\u017eeid\u017eiamumus, teigia Kauno kolegijos Verslo fakulteto tyr\u0117jai \u2013 energetikos politikos, vadybos ir ekonomikos srityse dirbantys mokslininkai.&hellip;\" \/>\n<meta property=\"og:url\" content=\"https:\/\/kaunokolegija.lt\/vf\/naujienos\/verslo-fakulteto-mokslininku-izvalgos-kaip-karas-ukrainoje-keicia-europos-energetikos-ir-verslo-strategijas\/\" \/>\n<meta property=\"og:site_name\" content=\"Verslo fakultetas\" \/>\n<meta property=\"article:publisher\" content=\"https:\/\/www.facebook.com\/Kauno.kolegija\/\" \/>\n<meta property=\"article:published_time\" content=\"2026-04-02T11:03:54+00:00\" \/>\n<meta property=\"og:image\" content=\"https:\/\/kaunokolegija.lt\/vf\/wp-content\/uploads\/sites\/18\/2026\/04\/Copy-of-KK_pastatai_2025-37-1024x768.jpg\" \/>\n\t<meta property=\"og:image:width\" content=\"1024\" \/>\n\t<meta property=\"og:image:height\" content=\"768\" \/>\n\t<meta property=\"og:image:type\" content=\"image\/jpeg\" \/>\n<meta name=\"author\" content=\"emilija\" \/>\n<meta name=\"twitter:card\" content=\"summary_large_image\" \/>\n<meta name=\"twitter:label1\" content=\"Written by\" \/>\n\t<meta name=\"twitter:data1\" content=\"emilija\" \/>\n\t<meta name=\"twitter:label2\" content=\"Est. reading time\" \/>\n\t<meta name=\"twitter:data2\" content=\"5 minut\u0117s\" \/>\n<script type=\"application\/ld+json\" class=\"yoast-schema-graph\">{\"@context\":\"https:\\\/\\\/schema.org\",\"@graph\":[{\"@type\":\"Article\",\"@id\":\"https:\\\/\\\/kaunokolegija.lt\\\/vf\\\/naujienos\\\/verslo-fakulteto-mokslininku-izvalgos-kaip-karas-ukrainoje-keicia-europos-energetikos-ir-verslo-strategijas\\\/#article\",\"isPartOf\":{\"@id\":\"https:\\\/\\\/kaunokolegija.lt\\\/vf\\\/naujienos\\\/verslo-fakulteto-mokslininku-izvalgos-kaip-karas-ukrainoje-keicia-europos-energetikos-ir-verslo-strategijas\\\/\"},\"author\":{\"name\":\"emilija\",\"@id\":\"https:\\\/\\\/kaunokolegija.lt\\\/vf\\\/#\\\/schema\\\/person\\\/3cf4e099ceab256cb7a13183d9bb7070\"},\"headline\":\"Verslo fakulteto mokslinink\u0173 \u012f\u017evalgos: kaip karas Ukrainoje kei\u010dia Europos energetikos ir verslo strategijas?\",\"datePublished\":\"2026-04-02T11:03:54+00:00\",\"mainEntityOfPage\":{\"@id\":\"https:\\\/\\\/kaunokolegija.lt\\\/vf\\\/naujienos\\\/verslo-fakulteto-mokslininku-izvalgos-kaip-karas-ukrainoje-keicia-europos-energetikos-ir-verslo-strategijas\\\/\"},\"wordCount\":882,\"publisher\":{\"@id\":\"https:\\\/\\\/kaunokolegija.lt\\\/vf\\\/#organization\"},\"image\":{\"@id\":\"https:\\\/\\\/kaunokolegija.lt\\\/vf\\\/naujienos\\\/verslo-fakulteto-mokslininku-izvalgos-kaip-karas-ukrainoje-keicia-europos-energetikos-ir-verslo-strategijas\\\/#primaryimage\"},\"thumbnailUrl\":\"https:\\\/\\\/kaunokolegija.lt\\\/vf\\\/wp-content\\\/uploads\\\/sites\\\/18\\\/2026\\\/04\\\/Copy-of-KK_pastatai_2025-37.jpg\",\"keywords\":[\"Mokslas\",\"\u017diniasklaida\"],\"articleSection\":[\"Naujienos\"],\"inLanguage\":\"lt-LT\"},{\"@type\":\"WebPage\",\"@id\":\"https:\\\/\\\/kaunokolegija.lt\\\/vf\\\/naujienos\\\/verslo-fakulteto-mokslininku-izvalgos-kaip-karas-ukrainoje-keicia-europos-energetikos-ir-verslo-strategijas\\\/\",\"url\":\"https:\\\/\\\/kaunokolegija.lt\\\/vf\\\/naujienos\\\/verslo-fakulteto-mokslininku-izvalgos-kaip-karas-ukrainoje-keicia-europos-energetikos-ir-verslo-strategijas\\\/\",\"name\":\"Verslo fakulteto mokslinink\u0173 \u012f\u017evalgos: kaip karas Ukrainoje kei\u010dia Europos energetikos ir verslo strategijas? - Verslo fakultetas\",\"isPartOf\":{\"@id\":\"https:\\\/\\\/kaunokolegija.lt\\\/vf\\\/#website\"},\"primaryImageOfPage\":{\"@id\":\"https:\\\/\\\/kaunokolegija.lt\\\/vf\\\/naujienos\\\/verslo-fakulteto-mokslininku-izvalgos-kaip-karas-ukrainoje-keicia-europos-energetikos-ir-verslo-strategijas\\\/#primaryimage\"},\"image\":{\"@id\":\"https:\\\/\\\/kaunokolegija.lt\\\/vf\\\/naujienos\\\/verslo-fakulteto-mokslininku-izvalgos-kaip-karas-ukrainoje-keicia-europos-energetikos-ir-verslo-strategijas\\\/#primaryimage\"},\"thumbnailUrl\":\"https:\\\/\\\/kaunokolegija.lt\\\/vf\\\/wp-content\\\/uploads\\\/sites\\\/18\\\/2026\\\/04\\\/Copy-of-KK_pastatai_2025-37.jpg\",\"datePublished\":\"2026-04-02T11:03:54+00:00\",\"breadcrumb\":{\"@id\":\"https:\\\/\\\/kaunokolegija.lt\\\/vf\\\/naujienos\\\/verslo-fakulteto-mokslininku-izvalgos-kaip-karas-ukrainoje-keicia-europos-energetikos-ir-verslo-strategijas\\\/#breadcrumb\"},\"inLanguage\":\"lt-LT\",\"potentialAction\":[{\"@type\":\"ReadAction\",\"target\":[\"https:\\\/\\\/kaunokolegija.lt\\\/vf\\\/naujienos\\\/verslo-fakulteto-mokslininku-izvalgos-kaip-karas-ukrainoje-keicia-europos-energetikos-ir-verslo-strategijas\\\/\"]}]},{\"@type\":\"ImageObject\",\"inLanguage\":\"lt-LT\",\"@id\":\"https:\\\/\\\/kaunokolegija.lt\\\/vf\\\/naujienos\\\/verslo-fakulteto-mokslininku-izvalgos-kaip-karas-ukrainoje-keicia-europos-energetikos-ir-verslo-strategijas\\\/#primaryimage\",\"url\":\"https:\\\/\\\/kaunokolegija.lt\\\/vf\\\/wp-content\\\/uploads\\\/sites\\\/18\\\/2026\\\/04\\\/Copy-of-KK_pastatai_2025-37.jpg\",\"contentUrl\":\"https:\\\/\\\/kaunokolegija.lt\\\/vf\\\/wp-content\\\/uploads\\\/sites\\\/18\\\/2026\\\/04\\\/Copy-of-KK_pastatai_2025-37.jpg\",\"width\":2000,\"height\":1500},{\"@type\":\"BreadcrumbList\",\"@id\":\"https:\\\/\\\/kaunokolegija.lt\\\/vf\\\/naujienos\\\/verslo-fakulteto-mokslininku-izvalgos-kaip-karas-ukrainoje-keicia-europos-energetikos-ir-verslo-strategijas\\\/#breadcrumb\",\"itemListElement\":[{\"@type\":\"ListItem\",\"position\":1,\"name\":\"Home\",\"item\":\"https:\\\/\\\/kaunokolegija.lt\\\/vf\\\/\"},{\"@type\":\"ListItem\",\"position\":2,\"name\":\"Verslo fakulteto mokslinink\u0173 \u012f\u017evalgos: kaip karas Ukrainoje kei\u010dia Europos energetikos ir verslo strategijas?\"}]},{\"@type\":\"WebSite\",\"@id\":\"https:\\\/\\\/kaunokolegija.lt\\\/vf\\\/#website\",\"url\":\"https:\\\/\\\/kaunokolegija.lt\\\/vf\\\/\",\"name\":\"Verslo fakultetas\",\"description\":\"Kauno kolegija\",\"publisher\":{\"@id\":\"https:\\\/\\\/kaunokolegija.lt\\\/vf\\\/#organization\"},\"potentialAction\":[{\"@type\":\"SearchAction\",\"target\":{\"@type\":\"EntryPoint\",\"urlTemplate\":\"https:\\\/\\\/kaunokolegija.lt\\\/vf\\\/?s={search_term_string}\"},\"query-input\":{\"@type\":\"PropertyValueSpecification\",\"valueRequired\":true,\"valueName\":\"search_term_string\"}}],\"inLanguage\":\"lt-LT\"},{\"@type\":\"Organization\",\"@id\":\"https:\\\/\\\/kaunokolegija.lt\\\/vf\\\/#organization\",\"name\":\"Kauno kolegija\",\"url\":\"https:\\\/\\\/kaunokolegija.lt\\\/vf\\\/\",\"logo\":{\"@type\":\"ImageObject\",\"inLanguage\":\"lt-LT\",\"@id\":\"https:\\\/\\\/kaunokolegija.lt\\\/vf\\\/#\\\/schema\\\/logo\\\/image\\\/\",\"url\":\"https:\\\/\\\/kaunokolegija.lt\\\/vf\\\/wp-content\\\/uploads\\\/sites\\\/18\\\/2026\\\/01\\\/cropped-KK_VF_COLOR.png\",\"contentUrl\":\"https:\\\/\\\/kaunokolegija.lt\\\/vf\\\/wp-content\\\/uploads\\\/sites\\\/18\\\/2026\\\/01\\\/cropped-KK_VF_COLOR.png\",\"width\":2084,\"height\":2084,\"caption\":\"Kauno kolegija\"},\"image\":{\"@id\":\"https:\\\/\\\/kaunokolegija.lt\\\/vf\\\/#\\\/schema\\\/logo\\\/image\\\/\"},\"sameAs\":[\"https:\\\/\\\/www.facebook.com\\\/Kauno.kolegija\\\/\"]},{\"@type\":\"Person\",\"@id\":\"https:\\\/\\\/kaunokolegija.lt\\\/vf\\\/#\\\/schema\\\/person\\\/3cf4e099ceab256cb7a13183d9bb7070\",\"name\":\"emilija\",\"image\":{\"@type\":\"ImageObject\",\"inLanguage\":\"lt-LT\",\"@id\":\"https:\\\/\\\/secure.gravatar.com\\\/avatar\\\/69a4ba557881c0a0f72ffeab3590acbf029a6ec269c9c48288584bde0768c790?s=96&d=mm&r=g\",\"url\":\"https:\\\/\\\/secure.gravatar.com\\\/avatar\\\/69a4ba557881c0a0f72ffeab3590acbf029a6ec269c9c48288584bde0768c790?s=96&d=mm&r=g\",\"contentUrl\":\"https:\\\/\\\/secure.gravatar.com\\\/avatar\\\/69a4ba557881c0a0f72ffeab3590acbf029a6ec269c9c48288584bde0768c790?s=96&d=mm&r=g\",\"caption\":\"emilija\"},\"url\":\"https:\\\/\\\/kaunokolegija.lt\\\/vf\\\/naujienos\\\/author\\\/emilija\\\/\"}]}<\/script>\n<!-- \/ Yoast SEO plugin. -->","yoast_head_json":{"title":"Verslo fakulteto mokslinink\u0173 \u012f\u017evalgos: kaip karas Ukrainoje kei\u010dia Europos energetikos ir verslo strategijas? - Verslo fakultetas","robots":{"index":"index","follow":"follow","max-snippet":"max-snippet:-1","max-image-preview":"max-image-preview:large","max-video-preview":"max-video-preview:-1"},"canonical":"https:\/\/kaunokolegija.lt\/vf\/naujienos\/verslo-fakulteto-mokslininku-izvalgos-kaip-karas-ukrainoje-keicia-europos-energetikos-ir-verslo-strategijas\/","og_locale":"lt_LT","og_type":"article","og_title":"Verslo fakulteto mokslinink\u0173 \u012f\u017evalgos: kaip karas Ukrainoje kei\u010dia Europos energetikos ir verslo strategijas? - Verslo fakultetas","og_description":"Rusijos karas prie\u0161 Ukrain\u0105, JAV ir Izraelio karas su Iranu atskleid\u0117 gilius strukt\u016brinius Europos energetikos sistemos pa\u017eeid\u017eiamumus, teigia Kauno kolegijos Verslo fakulteto tyr\u0117jai \u2013 energetikos politikos, vadybos ir ekonomikos srityse dirbantys mokslininkai.&hellip;","og_url":"https:\/\/kaunokolegija.lt\/vf\/naujienos\/verslo-fakulteto-mokslininku-izvalgos-kaip-karas-ukrainoje-keicia-europos-energetikos-ir-verslo-strategijas\/","og_site_name":"Verslo fakultetas","article_publisher":"https:\/\/www.facebook.com\/Kauno.kolegija\/","article_published_time":"2026-04-02T11:03:54+00:00","og_image":[{"width":1024,"height":768,"url":"https:\/\/kaunokolegija.lt\/vf\/wp-content\/uploads\/sites\/18\/2026\/04\/Copy-of-KK_pastatai_2025-37-1024x768.jpg","type":"image\/jpeg"}],"author":"emilija","twitter_card":"summary_large_image","twitter_misc":{"Written by":"emilija","Est. reading time":"5 minut\u0117s"},"schema":{"@context":"https:\/\/schema.org","@graph":[{"@type":"Article","@id":"https:\/\/kaunokolegija.lt\/vf\/naujienos\/verslo-fakulteto-mokslininku-izvalgos-kaip-karas-ukrainoje-keicia-europos-energetikos-ir-verslo-strategijas\/#article","isPartOf":{"@id":"https:\/\/kaunokolegija.lt\/vf\/naujienos\/verslo-fakulteto-mokslininku-izvalgos-kaip-karas-ukrainoje-keicia-europos-energetikos-ir-verslo-strategijas\/"},"author":{"name":"emilija","@id":"https:\/\/kaunokolegija.lt\/vf\/#\/schema\/person\/3cf4e099ceab256cb7a13183d9bb7070"},"headline":"Verslo fakulteto mokslinink\u0173 \u012f\u017evalgos: kaip karas Ukrainoje kei\u010dia Europos energetikos ir verslo strategijas?","datePublished":"2026-04-02T11:03:54+00:00","mainEntityOfPage":{"@id":"https:\/\/kaunokolegija.lt\/vf\/naujienos\/verslo-fakulteto-mokslininku-izvalgos-kaip-karas-ukrainoje-keicia-europos-energetikos-ir-verslo-strategijas\/"},"wordCount":882,"publisher":{"@id":"https:\/\/kaunokolegija.lt\/vf\/#organization"},"image":{"@id":"https:\/\/kaunokolegija.lt\/vf\/naujienos\/verslo-fakulteto-mokslininku-izvalgos-kaip-karas-ukrainoje-keicia-europos-energetikos-ir-verslo-strategijas\/#primaryimage"},"thumbnailUrl":"https:\/\/kaunokolegija.lt\/vf\/wp-content\/uploads\/sites\/18\/2026\/04\/Copy-of-KK_pastatai_2025-37.jpg","keywords":["Mokslas","\u017diniasklaida"],"articleSection":["Naujienos"],"inLanguage":"lt-LT"},{"@type":"WebPage","@id":"https:\/\/kaunokolegija.lt\/vf\/naujienos\/verslo-fakulteto-mokslininku-izvalgos-kaip-karas-ukrainoje-keicia-europos-energetikos-ir-verslo-strategijas\/","url":"https:\/\/kaunokolegija.lt\/vf\/naujienos\/verslo-fakulteto-mokslininku-izvalgos-kaip-karas-ukrainoje-keicia-europos-energetikos-ir-verslo-strategijas\/","name":"Verslo fakulteto mokslinink\u0173 \u012f\u017evalgos: kaip karas Ukrainoje kei\u010dia Europos energetikos ir verslo strategijas? - Verslo fakultetas","isPartOf":{"@id":"https:\/\/kaunokolegija.lt\/vf\/#website"},"primaryImageOfPage":{"@id":"https:\/\/kaunokolegija.lt\/vf\/naujienos\/verslo-fakulteto-mokslininku-izvalgos-kaip-karas-ukrainoje-keicia-europos-energetikos-ir-verslo-strategijas\/#primaryimage"},"image":{"@id":"https:\/\/kaunokolegija.lt\/vf\/naujienos\/verslo-fakulteto-mokslininku-izvalgos-kaip-karas-ukrainoje-keicia-europos-energetikos-ir-verslo-strategijas\/#primaryimage"},"thumbnailUrl":"https:\/\/kaunokolegija.lt\/vf\/wp-content\/uploads\/sites\/18\/2026\/04\/Copy-of-KK_pastatai_2025-37.jpg","datePublished":"2026-04-02T11:03:54+00:00","breadcrumb":{"@id":"https:\/\/kaunokolegija.lt\/vf\/naujienos\/verslo-fakulteto-mokslininku-izvalgos-kaip-karas-ukrainoje-keicia-europos-energetikos-ir-verslo-strategijas\/#breadcrumb"},"inLanguage":"lt-LT","potentialAction":[{"@type":"ReadAction","target":["https:\/\/kaunokolegija.lt\/vf\/naujienos\/verslo-fakulteto-mokslininku-izvalgos-kaip-karas-ukrainoje-keicia-europos-energetikos-ir-verslo-strategijas\/"]}]},{"@type":"ImageObject","inLanguage":"lt-LT","@id":"https:\/\/kaunokolegija.lt\/vf\/naujienos\/verslo-fakulteto-mokslininku-izvalgos-kaip-karas-ukrainoje-keicia-europos-energetikos-ir-verslo-strategijas\/#primaryimage","url":"https:\/\/kaunokolegija.lt\/vf\/wp-content\/uploads\/sites\/18\/2026\/04\/Copy-of-KK_pastatai_2025-37.jpg","contentUrl":"https:\/\/kaunokolegija.lt\/vf\/wp-content\/uploads\/sites\/18\/2026\/04\/Copy-of-KK_pastatai_2025-37.jpg","width":2000,"height":1500},{"@type":"BreadcrumbList","@id":"https:\/\/kaunokolegija.lt\/vf\/naujienos\/verslo-fakulteto-mokslininku-izvalgos-kaip-karas-ukrainoje-keicia-europos-energetikos-ir-verslo-strategijas\/#breadcrumb","itemListElement":[{"@type":"ListItem","position":1,"name":"Home","item":"https:\/\/kaunokolegija.lt\/vf\/"},{"@type":"ListItem","position":2,"name":"Verslo fakulteto mokslinink\u0173 \u012f\u017evalgos: kaip karas Ukrainoje kei\u010dia Europos energetikos ir verslo strategijas?"}]},{"@type":"WebSite","@id":"https:\/\/kaunokolegija.lt\/vf\/#website","url":"https:\/\/kaunokolegija.lt\/vf\/","name":"Verslo fakultetas","description":"Kauno kolegija","publisher":{"@id":"https:\/\/kaunokolegija.lt\/vf\/#organization"},"potentialAction":[{"@type":"SearchAction","target":{"@type":"EntryPoint","urlTemplate":"https:\/\/kaunokolegija.lt\/vf\/?s={search_term_string}"},"query-input":{"@type":"PropertyValueSpecification","valueRequired":true,"valueName":"search_term_string"}}],"inLanguage":"lt-LT"},{"@type":"Organization","@id":"https:\/\/kaunokolegija.lt\/vf\/#organization","name":"Kauno kolegija","url":"https:\/\/kaunokolegija.lt\/vf\/","logo":{"@type":"ImageObject","inLanguage":"lt-LT","@id":"https:\/\/kaunokolegija.lt\/vf\/#\/schema\/logo\/image\/","url":"https:\/\/kaunokolegija.lt\/vf\/wp-content\/uploads\/sites\/18\/2026\/01\/cropped-KK_VF_COLOR.png","contentUrl":"https:\/\/kaunokolegija.lt\/vf\/wp-content\/uploads\/sites\/18\/2026\/01\/cropped-KK_VF_COLOR.png","width":2084,"height":2084,"caption":"Kauno kolegija"},"image":{"@id":"https:\/\/kaunokolegija.lt\/vf\/#\/schema\/logo\/image\/"},"sameAs":["https:\/\/www.facebook.com\/Kauno.kolegija\/"]},{"@type":"Person","@id":"https:\/\/kaunokolegija.lt\/vf\/#\/schema\/person\/3cf4e099ceab256cb7a13183d9bb7070","name":"emilija","image":{"@type":"ImageObject","inLanguage":"lt-LT","@id":"https:\/\/secure.gravatar.com\/avatar\/69a4ba557881c0a0f72ffeab3590acbf029a6ec269c9c48288584bde0768c790?s=96&d=mm&r=g","url":"https:\/\/secure.gravatar.com\/avatar\/69a4ba557881c0a0f72ffeab3590acbf029a6ec269c9c48288584bde0768c790?s=96&d=mm&r=g","contentUrl":"https:\/\/secure.gravatar.com\/avatar\/69a4ba557881c0a0f72ffeab3590acbf029a6ec269c9c48288584bde0768c790?s=96&d=mm&r=g","caption":"emilija"},"url":"https:\/\/kaunokolegija.lt\/vf\/naujienos\/author\/emilija\/"}]}},"_links":{"self":[{"href":"https:\/\/kaunokolegija.lt\/vf\/wp-json\/wp\/v2\/posts\/279635","targetHints":{"allow":["GET"]}}],"collection":[{"href":"https:\/\/kaunokolegija.lt\/vf\/wp-json\/wp\/v2\/posts"}],"about":[{"href":"https:\/\/kaunokolegija.lt\/vf\/wp-json\/wp\/v2\/types\/post"}],"author":[{"embeddable":true,"href":"https:\/\/kaunokolegija.lt\/vf\/wp-json\/wp\/v2\/users\/4"}],"replies":[{"embeddable":true,"href":"https:\/\/kaunokolegija.lt\/vf\/wp-json\/wp\/v2\/comments?post=279635"}],"version-history":[{"count":1,"href":"https:\/\/kaunokolegija.lt\/vf\/wp-json\/wp\/v2\/posts\/279635\/revisions"}],"predecessor-version":[{"id":279640,"href":"https:\/\/kaunokolegija.lt\/vf\/wp-json\/wp\/v2\/posts\/279635\/revisions\/279640"}],"wp:featuredmedia":[{"embeddable":true,"href":"https:\/\/kaunokolegija.lt\/vf\/wp-json\/wp\/v2\/media\/279639"}],"wp:attachment":[{"href":"https:\/\/kaunokolegija.lt\/vf\/wp-json\/wp\/v2\/media?parent=279635"}],"wp:term":[{"taxonomy":"category","embeddable":true,"href":"https:\/\/kaunokolegija.lt\/vf\/wp-json\/wp\/v2\/categories?post=279635"},{"taxonomy":"post_tag","embeddable":true,"href":"https:\/\/kaunokolegija.lt\/vf\/wp-json\/wp\/v2\/tags?post=279635"}],"curies":[{"name":"wp","href":"https:\/\/api.w.org\/{rel}","templated":true}]}}