{"id":279628,"date":"2026-04-08T08:50:28","date_gmt":"2026-04-08T06:50:28","guid":{"rendered":"https:\/\/kaunokolegija.lt\/muf\/?p=279628"},"modified":"2026-04-08T08:50:29","modified_gmt":"2026-04-08T06:50:29","slug":"menu-akademijos-destytojos-kurti-ivaizdziai-grand-piano-show-scenoje","status":"publish","type":"post","link":"https:\/\/kaunokolegija.lt\/muf\/naujienos\/menu-akademijos-destytojos-kurti-ivaizdziai-grand-piano-show-scenoje\/","title":{"rendered":"Men\u0173 akademijos d\u0117stytojos kurti \u012fvaizd\u017eiai \u2013 \u201eGrand Piano Show\u201c scenoje"},"content":{"rendered":"\n<p class=\"is-style-justify\">Kauno kolegijos Men\u0173 ir ugdymo fakulteto Men\u0173 akademijos d\u0117stytojos, dizainer\u0117s <strong><a href=\"https:\/\/www.instagram.com\/mild_power\/\">Mildos Grik\u0161ait\u0117s<\/a><\/strong> kurti \u012fvaizd\u017eiai pasirod\u0117 \u012fsp\u016bdingoje \u201eGrand Piano Show\u201c scenoje Kauno \u201e\u017dalgirio\u201c arenoje. Pianistei Ievai D\u016bdaitei sukurti kostiumai buvo naudojami tiek projekto fotosesijoje, tiek pasirodymo metu.<\/p>\n\n\n\n<p class=\"is-style-justify\">Pasak dizainer\u0117s, kuriant \u012fvaizd\u017eius svarbiausia buvo i\u0161laikyti ai\u0161ki\u0105 k\u016brybin\u0119 krypt\u012f \u2013 \u017eaisming\u0105, teatrali\u0161k\u0105 ir scenai tinkam\u0105 estetik\u0105.<\/p>\n\n\n\n<p class=\"is-style-justify\">\u201ePagrindin\u0117 id\u0117ja buvo cirkas, tod\u0117l stilist\u0117s Mildos Metlovait\u0117s u\u017eduotas tonas kviet\u0117 i\u0161laikyti \u017eaismingum\u0105 ir pompastik\u0105. Ta\u010diau kartu siekiau, kad tai b\u016bt\u0173 ne tik kostiumas, o ir savaranki\u0161kas mados k\u016brinys\u201c, \u2013 pasakoja M. Grik\u0161ait\u0117.<\/p>\n\n\n\n<p class=\"is-style-justify\">Fotosesijoje ir pasirodymo metu taip pat buvo panaudotas dar vienas dizainer\u0117s k\u016brinys \u2013 permatoma suknel\u0117, sudaryta i\u0161 romb\u0173 ir \u0161irdeli\u0173 form\u0173 detali\u0173, anks\u010diau pristatyta tarptautiniame \u201eFeeric Fashion Week\u201c renginyje.<\/p>\n\n\n\n<figure class=\"wp-block-gallery has-nested-images columns-default is-cropped wp-block-gallery-1 is-layout-flex wp-block-gallery-is-layout-flex\">\n<figure data-wp-context=\"{&quot;imageId&quot;:&quot;69f4211cd7408&quot;}\" data-wp-interactive=\"core\/image\" data-wp-key=\"69f4211cd7408\" class=\"wp-block-image size-large wp-lightbox-container\"><img loading=\"lazy\" decoding=\"async\" width=\"683\" height=\"1024\" data-wp-class--hide=\"state.isContentHidden\" data-wp-class--show=\"state.isContentVisible\" data-wp-init=\"callbacks.setButtonStyles\" data-wp-on--click=\"actions.showLightbox\" data-wp-on--load=\"callbacks.setButtonStyles\" data-wp-on-window--resize=\"callbacks.setButtonStyles\" data-id=\"279632\" src=\"https:\/\/kaunokolegija.lt\/muf\/wp-content\/uploads\/sites\/14\/2026\/04\/6Y7A0226-683x1024.jpg\" alt=\"Men\u0173 akademijos d\u0117stytojos, dizainer\u0117s Mildos Grik\u0161ait\u0117s kurti \u012fvaizd\u017eiai\" class=\"wp-image-279632\" srcset=\"https:\/\/kaunokolegija.lt\/muf\/wp-content\/uploads\/sites\/14\/2026\/04\/6Y7A0226-683x1024.jpg 683w, https:\/\/kaunokolegija.lt\/muf\/wp-content\/uploads\/sites\/14\/2026\/04\/6Y7A0226-200x300.jpg 200w, https:\/\/kaunokolegija.lt\/muf\/wp-content\/uploads\/sites\/14\/2026\/04\/6Y7A0226-768x1152.jpg 768w, https:\/\/kaunokolegija.lt\/muf\/wp-content\/uploads\/sites\/14\/2026\/04\/6Y7A0226-1024x1536.jpg 1024w, https:\/\/kaunokolegija.lt\/muf\/wp-content\/uploads\/sites\/14\/2026\/04\/6Y7A0226-1365x2048.jpg 1365w, https:\/\/kaunokolegija.lt\/muf\/wp-content\/uploads\/sites\/14\/2026\/04\/6Y7A0226-scaled.jpg 1707w\" sizes=\"auto, (max-width: 683px) 100vw, 683px\" \/><button\n\t\t\tclass=\"lightbox-trigger\"\n\t\t\ttype=\"button\"\n\t\t\taria-haspopup=\"dialog\"\n\t\t\taria-label=\"Padidinti\"\n\t\t\tdata-wp-init=\"callbacks.initTriggerButton\"\n\t\t\tdata-wp-on--click=\"actions.showLightbox\"\n\t\t\tdata-wp-style--right=\"state.imageButtonRight\"\n\t\t\tdata-wp-style--top=\"state.imageButtonTop\"\n\t\t>\n\t\t\t<svg xmlns=\"http:\/\/www.w3.org\/2000\/svg\" width=\"12\" height=\"12\" fill=\"none\" viewBox=\"0 0 12 12\">\n\t\t\t\t<path fill=\"#fff\" d=\"M2 0a2 2 0 0 0-2 2v2h1.5V2a.5.5 0 0 1 .5-.5h2V0H2Zm2 10.5H2a.5.5 0 0 1-.5-.5V8H0v2a2 2 0 0 0 2 2h2v-1.5ZM8 12v-1.5h2a.5.5 0 0 0 .5-.5V8H12v2a2 2 0 0 1-2 2H8Zm2-12a2 2 0 0 1 2 2v2h-1.5V2a.5.5 0 0 0-.5-.5H8V0h2Z\" \/>\n\t\t\t<\/svg>\n\t\t<\/button><\/figure>\n\n\n\n<figure data-wp-context=\"{&quot;imageId&quot;:&quot;69f4211cd76ff&quot;}\" data-wp-interactive=\"core\/image\" data-wp-key=\"69f4211cd76ff\" class=\"wp-block-image size-large wp-lightbox-container\"><img loading=\"lazy\" decoding=\"async\" width=\"683\" height=\"1024\" data-wp-class--hide=\"state.isContentHidden\" data-wp-class--show=\"state.isContentVisible\" data-wp-init=\"callbacks.setButtonStyles\" data-wp-on--click=\"actions.showLightbox\" data-wp-on--load=\"callbacks.setButtonStyles\" data-wp-on-window--resize=\"callbacks.setButtonStyles\" data-id=\"279630\" src=\"https:\/\/kaunokolegija.lt\/muf\/wp-content\/uploads\/sites\/14\/2026\/04\/6Y7A0244-683x1024.jpg\" alt=\"Men\u0173 akademijos d\u0117stytojos, dizainer\u0117s Mildos Grik\u0161ait\u0117s kurti \u012fvaizd\u017eiai\" class=\"wp-image-279630\" srcset=\"https:\/\/kaunokolegija.lt\/muf\/wp-content\/uploads\/sites\/14\/2026\/04\/6Y7A0244-683x1024.jpg 683w, https:\/\/kaunokolegija.lt\/muf\/wp-content\/uploads\/sites\/14\/2026\/04\/6Y7A0244-200x300.jpg 200w, https:\/\/kaunokolegija.lt\/muf\/wp-content\/uploads\/sites\/14\/2026\/04\/6Y7A0244-768x1152.jpg 768w, https:\/\/kaunokolegija.lt\/muf\/wp-content\/uploads\/sites\/14\/2026\/04\/6Y7A0244-1024x1536.jpg 1024w, https:\/\/kaunokolegija.lt\/muf\/wp-content\/uploads\/sites\/14\/2026\/04\/6Y7A0244-1365x2048.jpg 1365w, https:\/\/kaunokolegija.lt\/muf\/wp-content\/uploads\/sites\/14\/2026\/04\/6Y7A0244-scaled.jpg 1707w\" sizes=\"auto, (max-width: 683px) 100vw, 683px\" \/><button\n\t\t\tclass=\"lightbox-trigger\"\n\t\t\ttype=\"button\"\n\t\t\taria-haspopup=\"dialog\"\n\t\t\taria-label=\"Padidinti\"\n\t\t\tdata-wp-init=\"callbacks.initTriggerButton\"\n\t\t\tdata-wp-on--click=\"actions.showLightbox\"\n\t\t\tdata-wp-style--right=\"state.imageButtonRight\"\n\t\t\tdata-wp-style--top=\"state.imageButtonTop\"\n\t\t>\n\t\t\t<svg xmlns=\"http:\/\/www.w3.org\/2000\/svg\" width=\"12\" height=\"12\" fill=\"none\" viewBox=\"0 0 12 12\">\n\t\t\t\t<path fill=\"#fff\" d=\"M2 0a2 2 0 0 0-2 2v2h1.5V2a.5.5 0 0 1 .5-.5h2V0H2Zm2 10.5H2a.5.5 0 0 1-.5-.5V8H0v2a2 2 0 0 0 2 2h2v-1.5ZM8 12v-1.5h2a.5.5 0 0 0 .5-.5V8H12v2a2 2 0 0 1-2 2H8Zm2-12a2 2 0 0 1 2 2v2h-1.5V2a.5.5 0 0 0-.5-.5H8V0h2Z\" \/>\n\t\t\t<\/svg>\n\t\t<\/button><\/figure>\n\n\n\n<figure data-wp-context=\"{&quot;imageId&quot;:&quot;69f4211cd791b&quot;}\" data-wp-interactive=\"core\/image\" data-wp-key=\"69f4211cd791b\" class=\"wp-block-image size-large wp-lightbox-container\"><img loading=\"lazy\" decoding=\"async\" width=\"683\" height=\"1024\" data-wp-class--hide=\"state.isContentHidden\" data-wp-class--show=\"state.isContentVisible\" data-wp-init=\"callbacks.setButtonStyles\" data-wp-on--click=\"actions.showLightbox\" data-wp-on--load=\"callbacks.setButtonStyles\" data-wp-on-window--resize=\"callbacks.setButtonStyles\" data-id=\"279631\" src=\"https:\/\/kaunokolegija.lt\/muf\/wp-content\/uploads\/sites\/14\/2026\/04\/6Y7A0471-683x1024.jpg\" alt=\"Men\u0173 akademijos d\u0117stytojos, dizainer\u0117s Mildos Grik\u0161ait\u0117s kurti \u012fvaizd\u017eiai\" class=\"wp-image-279631\" srcset=\"https:\/\/kaunokolegija.lt\/muf\/wp-content\/uploads\/sites\/14\/2026\/04\/6Y7A0471-683x1024.jpg 683w, https:\/\/kaunokolegija.lt\/muf\/wp-content\/uploads\/sites\/14\/2026\/04\/6Y7A0471-200x300.jpg 200w, https:\/\/kaunokolegija.lt\/muf\/wp-content\/uploads\/sites\/14\/2026\/04\/6Y7A0471-768x1152.jpg 768w, https:\/\/kaunokolegija.lt\/muf\/wp-content\/uploads\/sites\/14\/2026\/04\/6Y7A0471-1024x1536.jpg 1024w, https:\/\/kaunokolegija.lt\/muf\/wp-content\/uploads\/sites\/14\/2026\/04\/6Y7A0471-1365x2048.jpg 1365w, https:\/\/kaunokolegija.lt\/muf\/wp-content\/uploads\/sites\/14\/2026\/04\/6Y7A0471-scaled.jpg 1707w\" sizes=\"auto, (max-width: 683px) 100vw, 683px\" \/><button\n\t\t\tclass=\"lightbox-trigger\"\n\t\t\ttype=\"button\"\n\t\t\taria-haspopup=\"dialog\"\n\t\t\taria-label=\"Padidinti\"\n\t\t\tdata-wp-init=\"callbacks.initTriggerButton\"\n\t\t\tdata-wp-on--click=\"actions.showLightbox\"\n\t\t\tdata-wp-style--right=\"state.imageButtonRight\"\n\t\t\tdata-wp-style--top=\"state.imageButtonTop\"\n\t\t>\n\t\t\t<svg xmlns=\"http:\/\/www.w3.org\/2000\/svg\" width=\"12\" height=\"12\" fill=\"none\" viewBox=\"0 0 12 12\">\n\t\t\t\t<path fill=\"#fff\" d=\"M2 0a2 2 0 0 0-2 2v2h1.5V2a.5.5 0 0 1 .5-.5h2V0H2Zm2 10.5H2a.5.5 0 0 1-.5-.5V8H0v2a2 2 0 0 0 2 2h2v-1.5ZM8 12v-1.5h2a.5.5 0 0 0 .5-.5V8H12v2a2 2 0 0 1-2 2H8Zm2-12a2 2 0 0 1 2 2v2h-1.5V2a.5.5 0 0 0-.5-.5H8V0h2Z\" \/>\n\t\t\t<\/svg>\n\t\t<\/button><\/figure>\n<\/figure>\n\n\n\n<p class=\"is-style-justify\">K\u016brybinis procesas prasid\u0117jo dar ruden\u012f. Dizainer\u0117 pasakoja, kad pradinis drabu\u017eio sumanymas laikui b\u0117gant buvo koreguojamas, atsi\u017evelgiant \u012f scenos poreikius.<\/p>\n\n\n\n<p class=\"is-style-justify\">\u201eDarbai prasid\u0117jo dar spalio m\u0117nes\u012f. V\u0117liau koncertui sijon\u0105 perdariau \u2013 nor\u0117josi lengvesnio, labiau tinkamo scenai\u201c, \u2013 sako ji.<\/p>\n\n\n\n<p class=\"is-style-justify\">Renginio scenin\u0117 specifika taip pat pareikalavo praktini\u0173 sprendim\u0173. Po fotosesijos drabu\u017eiai buvo \u0161iek tiek pakoreguoti, kad atlik\u0117jai b\u016bt\u0173 patogu jud\u0117ti ir groti pianinu.<\/p>\n\n\n\n<p class=\"is-style-justify\">Dizainer\u0117 d\u017eiaugiasi, kad tokios patirtys praturtina ir studij\u0173 proces\u0105. Pasak jos, <strong><a href=\"https:\/\/kaunokolegija.lt\/studiju-programos\/mados-dizainas\/\">Mados dizaino studij\u0173 programos<\/a><\/strong> studentai taip pat tur\u0117jo galimyb\u0119 prisiliesti prie profesionalios mados ir scenos industrijos.<\/p>\n\n\n\n<p class=\"is-style-justify\">\u201eTai dar vienas \u017eingsnis profesionalumo link. Galiu pasid\u017eiaugti, kad mano studentai u\u017ekulisiuose atliko praktik\u0105 pas stilist\u0119 Mild\u0105 Metlovait\u0119\u201c, \u2013 dalijasi M. Grik\u0161ait\u0117.<\/p>\n\n\n\n<p class=\"is-style-justify\">Paklausta apie jausm\u0105, kai jos k\u016bryba pristatoma tokio masto renginyje, dizainer\u0117 pabr\u0117\u017eia k\u016brybos prasm\u0119.<\/p>\n\n\n\n<p class=\"is-style-justify\">\u201eMan kaip dizainerei svarbiausia, kad mano k\u016bryba tur\u0117t\u0173 prasm\u0119. Nesvarbu, ar tai scenoje, ar \u0161vent\u0117je, ar \u017eurnalo puslapiuose \u2013 jei tai ne\u0161a geras emocijas, a\u0161 jau\u010diuosi puikiai.\u201c<\/p>\n","protected":false},"excerpt":{"rendered":"<p>Kauno kolegijos Men\u0173 ir ugdymo fakulteto Men\u0173 akademijos d\u0117stytojos, dizainer\u0117s Mildos Grik\u0161ait\u0117s kurti \u012fvaizd\u017eiai pasirod\u0117 \u012fsp\u016bdingoje \u201eGrand Piano Show\u201c scenoje Kauno \u201e\u017dalgirio\u201c arenoje. Pianistei Ievai D\u016bdaitei sukurti kostiumai buvo naudojami tiek projekto&hellip;<\/p>\n","protected":false},"author":9,"featured_media":279629,"comment_status":"closed","ping_status":"closed","sticky":false,"template":"","format":"standard","meta":{"footnotes":""},"categories":[29],"tags":[],"class_list":["post-279628","post","type-post","status-publish","format-standard","has-post-thumbnail","hentry","category-naujienos"],"yoast_head":"<!-- This site is optimized with the Yoast SEO plugin v27.5 - https:\/\/yoast.com\/product\/yoast-seo-wordpress\/ -->\n<title>Men\u0173 akademijos d\u0117stytojos kurti \u012fvaizd\u017eiai \u2013 \u201eGrand Piano Show\u201c scenoje - Men\u0173 ir ugdymo fakultetas<\/title>\n<meta name=\"description\" content=\"Men\u0173 akademijos d\u0117stytojos, dizainer\u0117s Mildos Jankuvien\u0117s kurti \u012fvaizd\u017eiai pianistei Ievai D\u016bdaitei pristatyti \u201eGrand Piano Show\u201c scenoje Kauno \u201e\u017dalgirio\u201c arenoje.\" \/>\n<meta name=\"robots\" content=\"index, follow, max-snippet:-1, max-image-preview:large, max-video-preview:-1\" \/>\n<link rel=\"canonical\" href=\"https:\/\/kaunokolegija.lt\/muf\/naujienos\/menu-akademijos-destytojos-kurti-ivaizdziai-grand-piano-show-scenoje\/\" \/>\n<meta property=\"og:locale\" content=\"lt_LT\" \/>\n<meta property=\"og:type\" content=\"article\" \/>\n<meta property=\"og:title\" content=\"Men\u0173 akademijos d\u0117stytojos kurti \u012fvaizd\u017eiai \u2013 \u201eGrand Piano Show\u201c scenoje - Men\u0173 ir ugdymo fakultetas\" \/>\n<meta property=\"og:description\" content=\"Men\u0173 akademijos d\u0117stytojos, dizainer\u0117s Mildos Jankuvien\u0117s kurti \u012fvaizd\u017eiai pianistei Ievai D\u016bdaitei pristatyti \u201eGrand Piano Show\u201c scenoje Kauno \u201e\u017dalgirio\u201c arenoje.\" \/>\n<meta property=\"og:url\" content=\"https:\/\/kaunokolegija.lt\/muf\/naujienos\/menu-akademijos-destytojos-kurti-ivaizdziai-grand-piano-show-scenoje\/\" \/>\n<meta property=\"og:site_name\" content=\"Men\u0173 ir ugdymo fakultetas\" \/>\n<meta property=\"article:publisher\" content=\"https:\/\/www.facebook.com\/Kauno.kolegija\/\" \/>\n<meta property=\"article:published_time\" content=\"2026-04-08T06:50:28+00:00\" \/>\n<meta property=\"article:modified_time\" content=\"2026-04-08T06:50:29+00:00\" \/>\n<meta property=\"og:image\" content=\"https:\/\/kaunokolegija.lt\/muf\/wp-content\/uploads\/sites\/14\/2026\/04\/Virselis-naujienai-2026-04-08T094420.610.jpg\" \/>\n\t<meta property=\"og:image:width\" content=\"1920\" \/>\n\t<meta property=\"og:image:height\" content=\"1080\" \/>\n\t<meta property=\"og:image:type\" content=\"image\/jpeg\" \/>\n<meta name=\"author\" content=\"almeda\" \/>\n<meta name=\"twitter:card\" content=\"summary_large_image\" \/>\n<meta name=\"twitter:label1\" content=\"Written by\" \/>\n\t<meta name=\"twitter:data1\" content=\"almeda\" \/>\n\t<meta name=\"twitter:label2\" content=\"Est. reading time\" \/>\n\t<meta name=\"twitter:data2\" content=\"3 minut\u0117s\" \/>\n<script type=\"application\/ld+json\" class=\"yoast-schema-graph\">{\"@context\":\"https:\\\/\\\/schema.org\",\"@graph\":[{\"@type\":\"Article\",\"@id\":\"https:\\\/\\\/kaunokolegija.lt\\\/muf\\\/naujienos\\\/menu-akademijos-destytojos-kurti-ivaizdziai-grand-piano-show-scenoje\\\/#article\",\"isPartOf\":{\"@id\":\"https:\\\/\\\/kaunokolegija.lt\\\/muf\\\/naujienos\\\/menu-akademijos-destytojos-kurti-ivaizdziai-grand-piano-show-scenoje\\\/\"},\"author\":{\"name\":\"almeda\",\"@id\":\"https:\\\/\\\/kaunokolegija.lt\\\/muf\\\/#\\\/schema\\\/person\\\/6cca4b244d5fabe562a2b9f05ac64999\"},\"headline\":\"Men\u0173 akademijos d\u0117stytojos kurti \u012fvaizd\u017eiai \u2013 \u201eGrand Piano Show\u201c scenoje\",\"datePublished\":\"2026-04-08T06:50:28+00:00\",\"dateModified\":\"2026-04-08T06:50:29+00:00\",\"mainEntityOfPage\":{\"@id\":\"https:\\\/\\\/kaunokolegija.lt\\\/muf\\\/naujienos\\\/menu-akademijos-destytojos-kurti-ivaizdziai-grand-piano-show-scenoje\\\/\"},\"wordCount\":321,\"publisher\":{\"@id\":\"https:\\\/\\\/kaunokolegija.lt\\\/muf\\\/#organization\"},\"image\":{\"@id\":\"https:\\\/\\\/kaunokolegija.lt\\\/muf\\\/naujienos\\\/menu-akademijos-destytojos-kurti-ivaizdziai-grand-piano-show-scenoje\\\/#primaryimage\"},\"thumbnailUrl\":\"https:\\\/\\\/kaunokolegija.lt\\\/muf\\\/wp-content\\\/uploads\\\/sites\\\/14\\\/2026\\\/04\\\/Virselis-naujienai-2026-04-08T094420.610.jpg\",\"articleSection\":[\"Naujienos\"],\"inLanguage\":\"lt-LT\"},{\"@type\":\"WebPage\",\"@id\":\"https:\\\/\\\/kaunokolegija.lt\\\/muf\\\/naujienos\\\/menu-akademijos-destytojos-kurti-ivaizdziai-grand-piano-show-scenoje\\\/\",\"url\":\"https:\\\/\\\/kaunokolegija.lt\\\/muf\\\/naujienos\\\/menu-akademijos-destytojos-kurti-ivaizdziai-grand-piano-show-scenoje\\\/\",\"name\":\"Men\u0173 akademijos d\u0117stytojos kurti \u012fvaizd\u017eiai \u2013 \u201eGrand Piano Show\u201c scenoje - Men\u0173 ir ugdymo fakultetas\",\"isPartOf\":{\"@id\":\"https:\\\/\\\/kaunokolegija.lt\\\/muf\\\/#website\"},\"primaryImageOfPage\":{\"@id\":\"https:\\\/\\\/kaunokolegija.lt\\\/muf\\\/naujienos\\\/menu-akademijos-destytojos-kurti-ivaizdziai-grand-piano-show-scenoje\\\/#primaryimage\"},\"image\":{\"@id\":\"https:\\\/\\\/kaunokolegija.lt\\\/muf\\\/naujienos\\\/menu-akademijos-destytojos-kurti-ivaizdziai-grand-piano-show-scenoje\\\/#primaryimage\"},\"thumbnailUrl\":\"https:\\\/\\\/kaunokolegija.lt\\\/muf\\\/wp-content\\\/uploads\\\/sites\\\/14\\\/2026\\\/04\\\/Virselis-naujienai-2026-04-08T094420.610.jpg\",\"datePublished\":\"2026-04-08T06:50:28+00:00\",\"dateModified\":\"2026-04-08T06:50:29+00:00\",\"description\":\"Men\u0173 akademijos d\u0117stytojos, dizainer\u0117s Mildos Jankuvien\u0117s kurti \u012fvaizd\u017eiai pianistei Ievai D\u016bdaitei pristatyti \u201eGrand Piano Show\u201c scenoje Kauno \u201e\u017dalgirio\u201c arenoje.\",\"breadcrumb\":{\"@id\":\"https:\\\/\\\/kaunokolegija.lt\\\/muf\\\/naujienos\\\/menu-akademijos-destytojos-kurti-ivaizdziai-grand-piano-show-scenoje\\\/#breadcrumb\"},\"inLanguage\":\"lt-LT\",\"potentialAction\":[{\"@type\":\"ReadAction\",\"target\":[\"https:\\\/\\\/kaunokolegija.lt\\\/muf\\\/naujienos\\\/menu-akademijos-destytojos-kurti-ivaizdziai-grand-piano-show-scenoje\\\/\"]}]},{\"@type\":\"ImageObject\",\"inLanguage\":\"lt-LT\",\"@id\":\"https:\\\/\\\/kaunokolegija.lt\\\/muf\\\/naujienos\\\/menu-akademijos-destytojos-kurti-ivaizdziai-grand-piano-show-scenoje\\\/#primaryimage\",\"url\":\"https:\\\/\\\/kaunokolegija.lt\\\/muf\\\/wp-content\\\/uploads\\\/sites\\\/14\\\/2026\\\/04\\\/Virselis-naujienai-2026-04-08T094420.610.jpg\",\"contentUrl\":\"https:\\\/\\\/kaunokolegija.lt\\\/muf\\\/wp-content\\\/uploads\\\/sites\\\/14\\\/2026\\\/04\\\/Virselis-naujienai-2026-04-08T094420.610.jpg\",\"width\":1920,\"height\":1080,\"caption\":\"\u201eGrand Piano Show\u201c plakatas\"},{\"@type\":\"BreadcrumbList\",\"@id\":\"https:\\\/\\\/kaunokolegija.lt\\\/muf\\\/naujienos\\\/menu-akademijos-destytojos-kurti-ivaizdziai-grand-piano-show-scenoje\\\/#breadcrumb\",\"itemListElement\":[{\"@type\":\"ListItem\",\"position\":1,\"name\":\"Home\",\"item\":\"https:\\\/\\\/kaunokolegija.lt\\\/muf\\\/\"},{\"@type\":\"ListItem\",\"position\":2,\"name\":\"Men\u0173 akademijos d\u0117stytojos kurti \u012fvaizd\u017eiai \u2013 \u201eGrand Piano Show\u201c scenoje\"}]},{\"@type\":\"WebSite\",\"@id\":\"https:\\\/\\\/kaunokolegija.lt\\\/muf\\\/#website\",\"url\":\"https:\\\/\\\/kaunokolegija.lt\\\/muf\\\/\",\"name\":\"Men\u0173 ir ugdymo fakultetas\",\"description\":\"Kauno kolegija\",\"publisher\":{\"@id\":\"https:\\\/\\\/kaunokolegija.lt\\\/muf\\\/#organization\"},\"potentialAction\":[{\"@type\":\"SearchAction\",\"target\":{\"@type\":\"EntryPoint\",\"urlTemplate\":\"https:\\\/\\\/kaunokolegija.lt\\\/muf\\\/?s={search_term_string}\"},\"query-input\":{\"@type\":\"PropertyValueSpecification\",\"valueRequired\":true,\"valueName\":\"search_term_string\"}}],\"inLanguage\":\"lt-LT\"},{\"@type\":\"Organization\",\"@id\":\"https:\\\/\\\/kaunokolegija.lt\\\/muf\\\/#organization\",\"name\":\"Kauno kolegija\",\"url\":\"https:\\\/\\\/kaunokolegija.lt\\\/muf\\\/\",\"logo\":{\"@type\":\"ImageObject\",\"inLanguage\":\"lt-LT\",\"@id\":\"https:\\\/\\\/kaunokolegija.lt\\\/muf\\\/#\\\/schema\\\/logo\\\/image\\\/\",\"url\":\"https:\\\/\\\/kaunokolegija.lt\\\/muf\\\/wp-content\\\/uploads\\\/sites\\\/14\\\/2026\\\/01\\\/cropped-KK_MUF_LOGO_COLOR.png\",\"contentUrl\":\"https:\\\/\\\/kaunokolegija.lt\\\/muf\\\/wp-content\\\/uploads\\\/sites\\\/14\\\/2026\\\/01\\\/cropped-KK_MUF_LOGO_COLOR.png\",\"width\":2084,\"height\":2084,\"caption\":\"Kauno kolegija\"},\"image\":{\"@id\":\"https:\\\/\\\/kaunokolegija.lt\\\/muf\\\/#\\\/schema\\\/logo\\\/image\\\/\"},\"sameAs\":[\"https:\\\/\\\/www.facebook.com\\\/Kauno.kolegija\\\/\"]},{\"@type\":\"Person\",\"@id\":\"https:\\\/\\\/kaunokolegija.lt\\\/muf\\\/#\\\/schema\\\/person\\\/6cca4b244d5fabe562a2b9f05ac64999\",\"name\":\"almeda\",\"image\":{\"@type\":\"ImageObject\",\"inLanguage\":\"lt-LT\",\"@id\":\"https:\\\/\\\/secure.gravatar.com\\\/avatar\\\/86d92101991745c885dff55de32627c0000960000f9a44e52b620c4207f1cde1?s=96&d=mm&r=g\",\"url\":\"https:\\\/\\\/secure.gravatar.com\\\/avatar\\\/86d92101991745c885dff55de32627c0000960000f9a44e52b620c4207f1cde1?s=96&d=mm&r=g\",\"contentUrl\":\"https:\\\/\\\/secure.gravatar.com\\\/avatar\\\/86d92101991745c885dff55de32627c0000960000f9a44e52b620c4207f1cde1?s=96&d=mm&r=g\",\"caption\":\"almeda\"},\"url\":\"https:\\\/\\\/kaunokolegija.lt\\\/muf\\\/naujienos\\\/author\\\/almeda\\\/\"}]}<\/script>\n<!-- \/ Yoast SEO plugin. -->","yoast_head_json":{"title":"Men\u0173 akademijos d\u0117stytojos kurti \u012fvaizd\u017eiai \u2013 \u201eGrand Piano Show\u201c scenoje - Men\u0173 ir ugdymo fakultetas","description":"Men\u0173 akademijos d\u0117stytojos, dizainer\u0117s Mildos Jankuvien\u0117s kurti \u012fvaizd\u017eiai pianistei Ievai D\u016bdaitei pristatyti \u201eGrand Piano Show\u201c scenoje Kauno \u201e\u017dalgirio\u201c arenoje.","robots":{"index":"index","follow":"follow","max-snippet":"max-snippet:-1","max-image-preview":"max-image-preview:large","max-video-preview":"max-video-preview:-1"},"canonical":"https:\/\/kaunokolegija.lt\/muf\/naujienos\/menu-akademijos-destytojos-kurti-ivaizdziai-grand-piano-show-scenoje\/","og_locale":"lt_LT","og_type":"article","og_title":"Men\u0173 akademijos d\u0117stytojos kurti \u012fvaizd\u017eiai \u2013 \u201eGrand Piano Show\u201c scenoje - Men\u0173 ir ugdymo fakultetas","og_description":"Men\u0173 akademijos d\u0117stytojos, dizainer\u0117s Mildos Jankuvien\u0117s kurti \u012fvaizd\u017eiai pianistei Ievai D\u016bdaitei pristatyti \u201eGrand Piano Show\u201c scenoje Kauno \u201e\u017dalgirio\u201c arenoje.","og_url":"https:\/\/kaunokolegija.lt\/muf\/naujienos\/menu-akademijos-destytojos-kurti-ivaizdziai-grand-piano-show-scenoje\/","og_site_name":"Men\u0173 ir ugdymo fakultetas","article_publisher":"https:\/\/www.facebook.com\/Kauno.kolegija\/","article_published_time":"2026-04-08T06:50:28+00:00","article_modified_time":"2026-04-08T06:50:29+00:00","og_image":[{"width":1920,"height":1080,"url":"https:\/\/kaunokolegija.lt\/muf\/wp-content\/uploads\/sites\/14\/2026\/04\/Virselis-naujienai-2026-04-08T094420.610.jpg","type":"image\/jpeg"}],"author":"almeda","twitter_card":"summary_large_image","twitter_misc":{"Written by":"almeda","Est. reading time":"3 minut\u0117s"},"schema":{"@context":"https:\/\/schema.org","@graph":[{"@type":"Article","@id":"https:\/\/kaunokolegija.lt\/muf\/naujienos\/menu-akademijos-destytojos-kurti-ivaizdziai-grand-piano-show-scenoje\/#article","isPartOf":{"@id":"https:\/\/kaunokolegija.lt\/muf\/naujienos\/menu-akademijos-destytojos-kurti-ivaizdziai-grand-piano-show-scenoje\/"},"author":{"name":"almeda","@id":"https:\/\/kaunokolegija.lt\/muf\/#\/schema\/person\/6cca4b244d5fabe562a2b9f05ac64999"},"headline":"Men\u0173 akademijos d\u0117stytojos kurti \u012fvaizd\u017eiai \u2013 \u201eGrand Piano Show\u201c scenoje","datePublished":"2026-04-08T06:50:28+00:00","dateModified":"2026-04-08T06:50:29+00:00","mainEntityOfPage":{"@id":"https:\/\/kaunokolegija.lt\/muf\/naujienos\/menu-akademijos-destytojos-kurti-ivaizdziai-grand-piano-show-scenoje\/"},"wordCount":321,"publisher":{"@id":"https:\/\/kaunokolegija.lt\/muf\/#organization"},"image":{"@id":"https:\/\/kaunokolegija.lt\/muf\/naujienos\/menu-akademijos-destytojos-kurti-ivaizdziai-grand-piano-show-scenoje\/#primaryimage"},"thumbnailUrl":"https:\/\/kaunokolegija.lt\/muf\/wp-content\/uploads\/sites\/14\/2026\/04\/Virselis-naujienai-2026-04-08T094420.610.jpg","articleSection":["Naujienos"],"inLanguage":"lt-LT"},{"@type":"WebPage","@id":"https:\/\/kaunokolegija.lt\/muf\/naujienos\/menu-akademijos-destytojos-kurti-ivaizdziai-grand-piano-show-scenoje\/","url":"https:\/\/kaunokolegija.lt\/muf\/naujienos\/menu-akademijos-destytojos-kurti-ivaizdziai-grand-piano-show-scenoje\/","name":"Men\u0173 akademijos d\u0117stytojos kurti \u012fvaizd\u017eiai \u2013 \u201eGrand Piano Show\u201c scenoje - Men\u0173 ir ugdymo fakultetas","isPartOf":{"@id":"https:\/\/kaunokolegija.lt\/muf\/#website"},"primaryImageOfPage":{"@id":"https:\/\/kaunokolegija.lt\/muf\/naujienos\/menu-akademijos-destytojos-kurti-ivaizdziai-grand-piano-show-scenoje\/#primaryimage"},"image":{"@id":"https:\/\/kaunokolegija.lt\/muf\/naujienos\/menu-akademijos-destytojos-kurti-ivaizdziai-grand-piano-show-scenoje\/#primaryimage"},"thumbnailUrl":"https:\/\/kaunokolegija.lt\/muf\/wp-content\/uploads\/sites\/14\/2026\/04\/Virselis-naujienai-2026-04-08T094420.610.jpg","datePublished":"2026-04-08T06:50:28+00:00","dateModified":"2026-04-08T06:50:29+00:00","description":"Men\u0173 akademijos d\u0117stytojos, dizainer\u0117s Mildos Jankuvien\u0117s kurti \u012fvaizd\u017eiai pianistei Ievai D\u016bdaitei pristatyti \u201eGrand Piano Show\u201c scenoje Kauno \u201e\u017dalgirio\u201c arenoje.","breadcrumb":{"@id":"https:\/\/kaunokolegija.lt\/muf\/naujienos\/menu-akademijos-destytojos-kurti-ivaizdziai-grand-piano-show-scenoje\/#breadcrumb"},"inLanguage":"lt-LT","potentialAction":[{"@type":"ReadAction","target":["https:\/\/kaunokolegija.lt\/muf\/naujienos\/menu-akademijos-destytojos-kurti-ivaizdziai-grand-piano-show-scenoje\/"]}]},{"@type":"ImageObject","inLanguage":"lt-LT","@id":"https:\/\/kaunokolegija.lt\/muf\/naujienos\/menu-akademijos-destytojos-kurti-ivaizdziai-grand-piano-show-scenoje\/#primaryimage","url":"https:\/\/kaunokolegija.lt\/muf\/wp-content\/uploads\/sites\/14\/2026\/04\/Virselis-naujienai-2026-04-08T094420.610.jpg","contentUrl":"https:\/\/kaunokolegija.lt\/muf\/wp-content\/uploads\/sites\/14\/2026\/04\/Virselis-naujienai-2026-04-08T094420.610.jpg","width":1920,"height":1080,"caption":"\u201eGrand Piano Show\u201c plakatas"},{"@type":"BreadcrumbList","@id":"https:\/\/kaunokolegija.lt\/muf\/naujienos\/menu-akademijos-destytojos-kurti-ivaizdziai-grand-piano-show-scenoje\/#breadcrumb","itemListElement":[{"@type":"ListItem","position":1,"name":"Home","item":"https:\/\/kaunokolegija.lt\/muf\/"},{"@type":"ListItem","position":2,"name":"Men\u0173 akademijos d\u0117stytojos kurti \u012fvaizd\u017eiai \u2013 \u201eGrand Piano Show\u201c scenoje"}]},{"@type":"WebSite","@id":"https:\/\/kaunokolegija.lt\/muf\/#website","url":"https:\/\/kaunokolegija.lt\/muf\/","name":"Men\u0173 ir ugdymo fakultetas","description":"Kauno kolegija","publisher":{"@id":"https:\/\/kaunokolegija.lt\/muf\/#organization"},"potentialAction":[{"@type":"SearchAction","target":{"@type":"EntryPoint","urlTemplate":"https:\/\/kaunokolegija.lt\/muf\/?s={search_term_string}"},"query-input":{"@type":"PropertyValueSpecification","valueRequired":true,"valueName":"search_term_string"}}],"inLanguage":"lt-LT"},{"@type":"Organization","@id":"https:\/\/kaunokolegija.lt\/muf\/#organization","name":"Kauno kolegija","url":"https:\/\/kaunokolegija.lt\/muf\/","logo":{"@type":"ImageObject","inLanguage":"lt-LT","@id":"https:\/\/kaunokolegija.lt\/muf\/#\/schema\/logo\/image\/","url":"https:\/\/kaunokolegija.lt\/muf\/wp-content\/uploads\/sites\/14\/2026\/01\/cropped-KK_MUF_LOGO_COLOR.png","contentUrl":"https:\/\/kaunokolegija.lt\/muf\/wp-content\/uploads\/sites\/14\/2026\/01\/cropped-KK_MUF_LOGO_COLOR.png","width":2084,"height":2084,"caption":"Kauno kolegija"},"image":{"@id":"https:\/\/kaunokolegija.lt\/muf\/#\/schema\/logo\/image\/"},"sameAs":["https:\/\/www.facebook.com\/Kauno.kolegija\/"]},{"@type":"Person","@id":"https:\/\/kaunokolegija.lt\/muf\/#\/schema\/person\/6cca4b244d5fabe562a2b9f05ac64999","name":"almeda","image":{"@type":"ImageObject","inLanguage":"lt-LT","@id":"https:\/\/secure.gravatar.com\/avatar\/86d92101991745c885dff55de32627c0000960000f9a44e52b620c4207f1cde1?s=96&d=mm&r=g","url":"https:\/\/secure.gravatar.com\/avatar\/86d92101991745c885dff55de32627c0000960000f9a44e52b620c4207f1cde1?s=96&d=mm&r=g","contentUrl":"https:\/\/secure.gravatar.com\/avatar\/86d92101991745c885dff55de32627c0000960000f9a44e52b620c4207f1cde1?s=96&d=mm&r=g","caption":"almeda"},"url":"https:\/\/kaunokolegija.lt\/muf\/naujienos\/author\/almeda\/"}]}},"_links":{"self":[{"href":"https:\/\/kaunokolegija.lt\/muf\/wp-json\/wp\/v2\/posts\/279628","targetHints":{"allow":["GET"]}}],"collection":[{"href":"https:\/\/kaunokolegija.lt\/muf\/wp-json\/wp\/v2\/posts"}],"about":[{"href":"https:\/\/kaunokolegija.lt\/muf\/wp-json\/wp\/v2\/types\/post"}],"author":[{"embeddable":true,"href":"https:\/\/kaunokolegija.lt\/muf\/wp-json\/wp\/v2\/users\/9"}],"replies":[{"embeddable":true,"href":"https:\/\/kaunokolegija.lt\/muf\/wp-json\/wp\/v2\/comments?post=279628"}],"version-history":[{"count":1,"href":"https:\/\/kaunokolegija.lt\/muf\/wp-json\/wp\/v2\/posts\/279628\/revisions"}],"predecessor-version":[{"id":279633,"href":"https:\/\/kaunokolegija.lt\/muf\/wp-json\/wp\/v2\/posts\/279628\/revisions\/279633"}],"wp:featuredmedia":[{"embeddable":true,"href":"https:\/\/kaunokolegija.lt\/muf\/wp-json\/wp\/v2\/media\/279629"}],"wp:attachment":[{"href":"https:\/\/kaunokolegija.lt\/muf\/wp-json\/wp\/v2\/media?parent=279628"}],"wp:term":[{"taxonomy":"category","embeddable":true,"href":"https:\/\/kaunokolegija.lt\/muf\/wp-json\/wp\/v2\/categories?post=279628"},{"taxonomy":"post_tag","embeddable":true,"href":"https:\/\/kaunokolegija.lt\/muf\/wp-json\/wp\/v2\/tags?post=279628"}],"curies":[{"name":"wp","href":"https:\/\/api.w.org\/{rel}","templated":true}]}}