{"id":279422,"date":"2026-03-25T15:03:17","date_gmt":"2026-03-25T13:03:17","guid":{"rendered":"https:\/\/kaunokolegija.lt\/mf\/?p=279422"},"modified":"2026-03-25T15:03:17","modified_gmt":"2026-03-25T13:03:17","slug":"auno-kolegijos-kineziterapijos-studentai-praktines-zinias-taike-kauno-rajono-mokykloje-darzelyje-gile","status":"publish","type":"post","link":"https:\/\/kaunokolegija.lt\/mf\/naujienos\/auno-kolegijos-kineziterapijos-studentai-praktines-zinias-taike-kauno-rajono-mokykloje-darzelyje-gile\/","title":{"rendered":"Kauno kolegijos kineziterapijos studentai praktines \u017einias taik\u0117 Kauno rajono mokykloje-dar\u017eelyje \u201eGil\u0117\u201c"},"content":{"rendered":"\n<p class=\"is-style-justify\">Kovo 16 ir 18 dienomis Kauno kolegijos Medicinos fakulteto Reabilitacijos katedros d\u0117stytoja dr. Ligita Ma\u017eeik\u0117 kartu su <a href=\"https:\/\/kaunokolegija.lt\/studiju-programos\/kineziterapija\/\" id=\"https:\/\/kaunokolegija.lt\/studiju-programos\/kineziterapija\/\" target=\"_blank\" rel=\"noreferrer noopener\">kineziterapijos studij\u0173 programos<\/a> antro kurso studentais lank\u0117si <a href=\"https:\/\/mokyklagile.lt\/\" id=\"https:\/\/mokyklagile.lt\/\" target=\"_blank\" rel=\"noreferrer noopener\">Kauno rajono mokykloje-dar\u017eelyje \u201eGil\u0117\u201c<\/a>. Vizito metu studentai prakti\u0161kai taik\u0117 studij\u0173 dalyke \u201eKineziterapija vaikams\u201c \u012fgytas \u017einias, o vaik\u0173 laikysenos vertinimas tapo svarbia \u0161ios praktikos dalimi.<\/p>\n\n\n\n<p class=\"is-style-justify\">\u0160i i\u0161vyka studentams tapo vertinga galimybe teorines \u017einias pritaikyti realioje praktin\u0117je aplinkoje, lavinti profesinius \u012fg\u016bd\u017eius, steb\u0117jimo geb\u0117jimus ir bendravim\u0105 su vaikais. Vaik\u0173 laikysenos vertinimas praktin\u0117je veikloje leido geriau suprasti vaik\u0173 laikysenos  svarb\u0105. Taip pat ankstyvosios laikysenos poky\u010di\u0173 atpa\u017einimo reik\u0161m\u0119 bei kineziterapeuto vaidmen\u012f sveikatos stiprinimo procese.<\/p>\n\n\n\n<p class=\"is-style-justify\">Bendradarbiavimas su ugdymo \u012fstaiga svarbus ne tik student\u0173 profesiniam rengimui, bet ir bendruomen\u0117s sveikatinimui. Vizito metu taip pat buvo inicijuotas bendradarbiavimo sutarties pasira\u0161ymas tarp Kauno kolegijos ir Kauno rajono mokyklos-dar\u017eelio \u201eGil\u0117\u201c. Tikimasi, kad \u0161i partneryst\u0117 ateityje sudarys dar daugiau galimybi\u0173 student\u0173 praktin\u0117ms veikloms, edukacijoms bei bendriems projektams.<\/p>\n\n\n\n<p class=\"is-style-justify\">Tokios iniciatyvos stiprina auk\u0161tosios mokyklos ir socialini\u0173 partneri\u0173 ry\u0161\u012f, skatina studij\u0173 kokyb\u0119 bei prisideda prie prasmingo mokslo ir praktikos dialogo.<\/p>\n\n\n\n<figure class=\"wp-block-gallery has-nested-images columns-default is-cropped wp-block-gallery-1 is-layout-flex wp-block-gallery-is-layout-flex\">\n<figure data-wp-context=\"{&quot;imageId&quot;:&quot;69f29e89dde33&quot;}\" data-wp-interactive=\"core\/image\" data-wp-key=\"69f29e89dde33\" class=\"wp-block-image size-large wp-lightbox-container\"><img loading=\"lazy\" decoding=\"async\" width=\"1024\" height=\"698\" data-wp-class--hide=\"state.isContentHidden\" data-wp-class--show=\"state.isContentVisible\" data-wp-init=\"callbacks.setButtonStyles\" data-wp-on--click=\"actions.showLightbox\" data-wp-on--load=\"callbacks.setButtonStyles\" data-wp-on-window--resize=\"callbacks.setButtonStyles\" data-id=\"279424\" src=\"https:\/\/kaunokolegija.lt\/mf\/wp-content\/uploads\/sites\/15\/2026\/03\/Bendra_nuotrauka-2-1024x698.jpg\" alt=\"Kauno kolegijos kineziterapijos studentai, d\u0117stytojai ir vaikai po vaik\u0173 laikysenos vertinimo \u012fsiam\u017eino bendroje nuotraukoje praktini\u0173 veikl\u0173 erdv\u0117je.\" class=\"wp-image-279424\" srcset=\"https:\/\/kaunokolegija.lt\/mf\/wp-content\/uploads\/sites\/15\/2026\/03\/Bendra_nuotrauka-2-1024x698.jpg 1024w, https:\/\/kaunokolegija.lt\/mf\/wp-content\/uploads\/sites\/15\/2026\/03\/Bendra_nuotrauka-2-300x205.jpg 300w, https:\/\/kaunokolegija.lt\/mf\/wp-content\/uploads\/sites\/15\/2026\/03\/Bendra_nuotrauka-2-768x524.jpg 768w, https:\/\/kaunokolegija.lt\/mf\/wp-content\/uploads\/sites\/15\/2026\/03\/Bendra_nuotrauka-2.jpg 1166w\" sizes=\"auto, (max-width: 1024px) 100vw, 1024px\" \/><button\n\t\t\tclass=\"lightbox-trigger\"\n\t\t\ttype=\"button\"\n\t\t\taria-haspopup=\"dialog\"\n\t\t\taria-label=\"Padidinti\"\n\t\t\tdata-wp-init=\"callbacks.initTriggerButton\"\n\t\t\tdata-wp-on--click=\"actions.showLightbox\"\n\t\t\tdata-wp-style--right=\"state.imageButtonRight\"\n\t\t\tdata-wp-style--top=\"state.imageButtonTop\"\n\t\t>\n\t\t\t<svg xmlns=\"http:\/\/www.w3.org\/2000\/svg\" width=\"12\" height=\"12\" fill=\"none\" viewBox=\"0 0 12 12\">\n\t\t\t\t<path fill=\"#fff\" d=\"M2 0a2 2 0 0 0-2 2v2h1.5V2a.5.5 0 0 1 .5-.5h2V0H2Zm2 10.5H2a.5.5 0 0 1-.5-.5V8H0v2a2 2 0 0 0 2 2h2v-1.5ZM8 12v-1.5h2a.5.5 0 0 0 .5-.5V8H12v2a2 2 0 0 1-2 2H8Zm2-12a2 2 0 0 1 2 2v2h-1.5V2a.5.5 0 0 0-.5-.5H8V0h2Z\" \/>\n\t\t\t<\/svg>\n\t\t<\/button><\/figure>\n\n\n\n<figure data-wp-context=\"{&quot;imageId&quot;:&quot;69f29e89de131&quot;}\" data-wp-interactive=\"core\/image\" data-wp-key=\"69f29e89de131\" class=\"wp-block-image size-large wp-lightbox-container\"><img loading=\"lazy\" decoding=\"async\" width=\"1024\" height=\"713\" data-wp-class--hide=\"state.isContentHidden\" data-wp-class--show=\"state.isContentVisible\" data-wp-init=\"callbacks.setButtonStyles\" data-wp-on--click=\"actions.showLightbox\" data-wp-on--load=\"callbacks.setButtonStyles\" data-wp-on-window--resize=\"callbacks.setButtonStyles\" data-id=\"279426\" src=\"https:\/\/kaunokolegija.lt\/mf\/wp-content\/uploads\/sites\/15\/2026\/03\/Manksta-1024x713.jpg\" alt=\"Atliekamas funkcinis steb\u0117jimas praktinio u\u017esi\u0117mimo metu, kai vaikas atlieka u\u017eduot\u012f ant kilim\u0117lio, o Kauno kolegijos Medicinos fakulteto student\u0117 fiksuoja rezultatus.\" class=\"wp-image-279426\" srcset=\"https:\/\/kaunokolegija.lt\/mf\/wp-content\/uploads\/sites\/15\/2026\/03\/Manksta-1024x713.jpg 1024w, https:\/\/kaunokolegija.lt\/mf\/wp-content\/uploads\/sites\/15\/2026\/03\/Manksta-300x209.jpg 300w, https:\/\/kaunokolegija.lt\/mf\/wp-content\/uploads\/sites\/15\/2026\/03\/Manksta-768x535.jpg 768w, https:\/\/kaunokolegija.lt\/mf\/wp-content\/uploads\/sites\/15\/2026\/03\/Manksta.jpg 1274w\" sizes=\"auto, (max-width: 1024px) 100vw, 1024px\" \/><button\n\t\t\tclass=\"lightbox-trigger\"\n\t\t\ttype=\"button\"\n\t\t\taria-haspopup=\"dialog\"\n\t\t\taria-label=\"Padidinti\"\n\t\t\tdata-wp-init=\"callbacks.initTriggerButton\"\n\t\t\tdata-wp-on--click=\"actions.showLightbox\"\n\t\t\tdata-wp-style--right=\"state.imageButtonRight\"\n\t\t\tdata-wp-style--top=\"state.imageButtonTop\"\n\t\t>\n\t\t\t<svg xmlns=\"http:\/\/www.w3.org\/2000\/svg\" width=\"12\" height=\"12\" fill=\"none\" viewBox=\"0 0 12 12\">\n\t\t\t\t<path fill=\"#fff\" d=\"M2 0a2 2 0 0 0-2 2v2h1.5V2a.5.5 0 0 1 .5-.5h2V0H2Zm2 10.5H2a.5.5 0 0 1-.5-.5V8H0v2a2 2 0 0 0 2 2h2v-1.5ZM8 12v-1.5h2a.5.5 0 0 0 .5-.5V8H12v2a2 2 0 0 1-2 2H8Zm2-12a2 2 0 0 1 2 2v2h-1.5V2a.5.5 0 0 0-.5-.5H8V0h2Z\" \/>\n\t\t\t<\/svg>\n\t\t<\/button><\/figure>\n\n\n\n<figure data-wp-context=\"{&quot;imageId&quot;:&quot;69f29e89de333&quot;}\" data-wp-interactive=\"core\/image\" data-wp-key=\"69f29e89de333\" class=\"wp-block-image size-large wp-lightbox-container\"><img loading=\"lazy\" decoding=\"async\" width=\"1024\" height=\"799\" data-wp-class--hide=\"state.isContentHidden\" data-wp-class--show=\"state.isContentVisible\" data-wp-init=\"callbacks.setButtonStyles\" data-wp-on--click=\"actions.showLightbox\" data-wp-on--load=\"callbacks.setButtonStyles\" data-wp-on-window--resize=\"callbacks.setButtonStyles\" data-id=\"279425\" src=\"https:\/\/kaunokolegija.lt\/mf\/wp-content\/uploads\/sites\/15\/2026\/03\/Patikra-1024x799.jpg\" alt=\"Praktinio u\u017esi\u0117mimo metu Kauno kolegijos Medicinos fakulteto kineziterapijos studentas stebi vaiko laikysen\u0105 pasilenkimo pozicijoje.\" class=\"wp-image-279425\" srcset=\"https:\/\/kaunokolegija.lt\/mf\/wp-content\/uploads\/sites\/15\/2026\/03\/Patikra-1024x799.jpg 1024w, https:\/\/kaunokolegija.lt\/mf\/wp-content\/uploads\/sites\/15\/2026\/03\/Patikra-300x234.jpg 300w, https:\/\/kaunokolegija.lt\/mf\/wp-content\/uploads\/sites\/15\/2026\/03\/Patikra-768x599.jpg 768w, https:\/\/kaunokolegija.lt\/mf\/wp-content\/uploads\/sites\/15\/2026\/03\/Patikra-1536x1199.jpg 1536w, https:\/\/kaunokolegija.lt\/mf\/wp-content\/uploads\/sites\/15\/2026\/03\/Patikra.jpg 1653w\" sizes=\"auto, (max-width: 1024px) 100vw, 1024px\" \/><button\n\t\t\tclass=\"lightbox-trigger\"\n\t\t\ttype=\"button\"\n\t\t\taria-haspopup=\"dialog\"\n\t\t\taria-label=\"Padidinti\"\n\t\t\tdata-wp-init=\"callbacks.initTriggerButton\"\n\t\t\tdata-wp-on--click=\"actions.showLightbox\"\n\t\t\tdata-wp-style--right=\"state.imageButtonRight\"\n\t\t\tdata-wp-style--top=\"state.imageButtonTop\"\n\t\t>\n\t\t\t<svg xmlns=\"http:\/\/www.w3.org\/2000\/svg\" width=\"12\" height=\"12\" fill=\"none\" viewBox=\"0 0 12 12\">\n\t\t\t\t<path fill=\"#fff\" d=\"M2 0a2 2 0 0 0-2 2v2h1.5V2a.5.5 0 0 1 .5-.5h2V0H2Zm2 10.5H2a.5.5 0 0 1-.5-.5V8H0v2a2 2 0 0 0 2 2h2v-1.5ZM8 12v-1.5h2a.5.5 0 0 0 .5-.5V8H12v2a2 2 0 0 1-2 2H8Zm2-12a2 2 0 0 1 2 2v2h-1.5V2a.5.5 0 0 0-.5-.5H8V0h2Z\" \/>\n\t\t\t<\/svg>\n\t\t<\/button><\/figure>\n<\/figure>\n\n\n\n<p><\/p>\n","protected":false},"excerpt":{"rendered":"<p>Kovo 16 ir 18 dienomis Kauno kolegijos Medicinos fakulteto Reabilitacijos katedros d\u0117stytoja dr. Ligita Ma\u017eeik\u0117 kartu su kineziterapijos studij\u0173 programos antro kurso studentais lank\u0117si Kauno rajono mokykloje-dar\u017eelyje \u201eGil\u0117\u201c. Vizito metu studentai prakti\u0161kai&hellip;<\/p>\n","protected":false},"author":11,"featured_media":279423,"comment_status":"closed","ping_status":"closed","sticky":false,"template":"","format":"standard","meta":{"footnotes":""},"categories":[29],"tags":[],"class_list":["post-279422","post","type-post","status-publish","format-standard","has-post-thumbnail","hentry","category-naujienos"],"yoast_head":"<!-- This site is optimized with the Yoast SEO plugin v27.5 - https:\/\/yoast.com\/product\/yoast-seo-wordpress\/ -->\n<title>Vaik\u0173 laikysenos vertinimas Kauno kolegijos student\u0173 praktikoje<\/title>\n<meta name=\"description\" content=\"Vaik\u0173 laikysenos vertinimas tapo vertinga Kauno kolegijos Medicinos fakulteto kineziterapijos student\u0173 praktika mokykloje-dar\u017eelyje \u201eGil\u0117\u201c.\" \/>\n<meta name=\"robots\" content=\"index, follow, max-snippet:-1, max-image-preview:large, max-video-preview:-1\" \/>\n<link rel=\"canonical\" href=\"https:\/\/kaunokolegija.lt\/mf\/naujienos\/auno-kolegijos-kineziterapijos-studentai-praktines-zinias-taike-kauno-rajono-mokykloje-darzelyje-gile\/\" \/>\n<meta property=\"og:locale\" content=\"lt_LT\" \/>\n<meta property=\"og:type\" content=\"article\" \/>\n<meta property=\"og:title\" content=\"Vaik\u0173 laikysenos vertinimas Kauno kolegijos student\u0173 praktikoje\" \/>\n<meta property=\"og:description\" content=\"Vaik\u0173 laikysenos vertinimas tapo vertinga Kauno kolegijos Medicinos fakulteto kineziterapijos student\u0173 praktika mokykloje-dar\u017eelyje \u201eGil\u0117\u201c.\" \/>\n<meta property=\"og:url\" content=\"https:\/\/kaunokolegija.lt\/mf\/naujienos\/auno-kolegijos-kineziterapijos-studentai-praktines-zinias-taike-kauno-rajono-mokykloje-darzelyje-gile\/\" \/>\n<meta property=\"og:site_name\" content=\"Medicinos fakultetas\" \/>\n<meta property=\"article:publisher\" content=\"https:\/\/www.facebook.com\/Kauno.kolegija\/\" \/>\n<meta property=\"article:published_time\" content=\"2026-03-25T13:03:17+00:00\" \/>\n<meta property=\"og:image\" content=\"https:\/\/kaunokolegija.lt\/mf\/wp-content\/uploads\/sites\/15\/2026\/03\/Bendra-_nuotrauka-1024x576.png\" \/>\n\t<meta property=\"og:image:width\" content=\"1024\" \/>\n\t<meta property=\"og:image:height\" content=\"576\" \/>\n\t<meta property=\"og:image:type\" content=\"image\/png\" \/>\n<meta name=\"author\" content=\"vytautas\" \/>\n<meta name=\"twitter:card\" content=\"summary_large_image\" \/>\n<meta name=\"twitter:label1\" content=\"Written by\" \/>\n\t<meta name=\"twitter:data1\" content=\"vytautas\" \/>\n\t<meta name=\"twitter:label2\" content=\"Est. reading time\" \/>\n\t<meta name=\"twitter:data2\" content=\"2 minut\u0117s\" \/>\n<script type=\"application\/ld+json\" class=\"yoast-schema-graph\">{\"@context\":\"https:\\\/\\\/schema.org\",\"@graph\":[{\"@type\":\"Article\",\"@id\":\"https:\\\/\\\/kaunokolegija.lt\\\/mf\\\/naujienos\\\/auno-kolegijos-kineziterapijos-studentai-praktines-zinias-taike-kauno-rajono-mokykloje-darzelyje-gile\\\/#article\",\"isPartOf\":{\"@id\":\"https:\\\/\\\/kaunokolegija.lt\\\/mf\\\/naujienos\\\/auno-kolegijos-kineziterapijos-studentai-praktines-zinias-taike-kauno-rajono-mokykloje-darzelyje-gile\\\/\"},\"author\":{\"name\":\"vytautas\",\"@id\":\"https:\\\/\\\/kaunokolegija.lt\\\/mf\\\/#\\\/schema\\\/person\\\/81e6302f0d786da5741a705e003773fe\"},\"headline\":\"Kauno kolegijos kineziterapijos studentai praktines \u017einias taik\u0117 Kauno rajono mokykloje-dar\u017eelyje \u201eGil\u0117\u201c\",\"datePublished\":\"2026-03-25T13:03:17+00:00\",\"mainEntityOfPage\":{\"@id\":\"https:\\\/\\\/kaunokolegija.lt\\\/mf\\\/naujienos\\\/auno-kolegijos-kineziterapijos-studentai-praktines-zinias-taike-kauno-rajono-mokykloje-darzelyje-gile\\\/\"},\"wordCount\":190,\"publisher\":{\"@id\":\"https:\\\/\\\/kaunokolegija.lt\\\/mf\\\/#organization\"},\"image\":{\"@id\":\"https:\\\/\\\/kaunokolegija.lt\\\/mf\\\/naujienos\\\/auno-kolegijos-kineziterapijos-studentai-praktines-zinias-taike-kauno-rajono-mokykloje-darzelyje-gile\\\/#primaryimage\"},\"thumbnailUrl\":\"https:\\\/\\\/kaunokolegija.lt\\\/mf\\\/wp-content\\\/uploads\\\/sites\\\/15\\\/2026\\\/03\\\/Bendra-_nuotrauka.png\",\"articleSection\":[\"Naujienos\"],\"inLanguage\":\"lt-LT\"},{\"@type\":\"WebPage\",\"@id\":\"https:\\\/\\\/kaunokolegija.lt\\\/mf\\\/naujienos\\\/auno-kolegijos-kineziterapijos-studentai-praktines-zinias-taike-kauno-rajono-mokykloje-darzelyje-gile\\\/\",\"url\":\"https:\\\/\\\/kaunokolegija.lt\\\/mf\\\/naujienos\\\/auno-kolegijos-kineziterapijos-studentai-praktines-zinias-taike-kauno-rajono-mokykloje-darzelyje-gile\\\/\",\"name\":\"Vaik\u0173 laikysenos vertinimas Kauno kolegijos student\u0173 praktikoje\",\"isPartOf\":{\"@id\":\"https:\\\/\\\/kaunokolegija.lt\\\/mf\\\/#website\"},\"primaryImageOfPage\":{\"@id\":\"https:\\\/\\\/kaunokolegija.lt\\\/mf\\\/naujienos\\\/auno-kolegijos-kineziterapijos-studentai-praktines-zinias-taike-kauno-rajono-mokykloje-darzelyje-gile\\\/#primaryimage\"},\"image\":{\"@id\":\"https:\\\/\\\/kaunokolegija.lt\\\/mf\\\/naujienos\\\/auno-kolegijos-kineziterapijos-studentai-praktines-zinias-taike-kauno-rajono-mokykloje-darzelyje-gile\\\/#primaryimage\"},\"thumbnailUrl\":\"https:\\\/\\\/kaunokolegija.lt\\\/mf\\\/wp-content\\\/uploads\\\/sites\\\/15\\\/2026\\\/03\\\/Bendra-_nuotrauka.png\",\"datePublished\":\"2026-03-25T13:03:17+00:00\",\"description\":\"Vaik\u0173 laikysenos vertinimas tapo vertinga Kauno kolegijos Medicinos fakulteto kineziterapijos student\u0173 praktika mokykloje-dar\u017eelyje \u201eGil\u0117\u201c.\",\"breadcrumb\":{\"@id\":\"https:\\\/\\\/kaunokolegija.lt\\\/mf\\\/naujienos\\\/auno-kolegijos-kineziterapijos-studentai-praktines-zinias-taike-kauno-rajono-mokykloje-darzelyje-gile\\\/#breadcrumb\"},\"inLanguage\":\"lt-LT\",\"potentialAction\":[{\"@type\":\"ReadAction\",\"target\":[\"https:\\\/\\\/kaunokolegija.lt\\\/mf\\\/naujienos\\\/auno-kolegijos-kineziterapijos-studentai-praktines-zinias-taike-kauno-rajono-mokykloje-darzelyje-gile\\\/\"]}]},{\"@type\":\"ImageObject\",\"inLanguage\":\"lt-LT\",\"@id\":\"https:\\\/\\\/kaunokolegija.lt\\\/mf\\\/naujienos\\\/auno-kolegijos-kineziterapijos-studentai-praktines-zinias-taike-kauno-rajono-mokykloje-darzelyje-gile\\\/#primaryimage\",\"url\":\"https:\\\/\\\/kaunokolegija.lt\\\/mf\\\/wp-content\\\/uploads\\\/sites\\\/15\\\/2026\\\/03\\\/Bendra-_nuotrauka.png\",\"contentUrl\":\"https:\\\/\\\/kaunokolegija.lt\\\/mf\\\/wp-content\\\/uploads\\\/sites\\\/15\\\/2026\\\/03\\\/Bendra-_nuotrauka.png\",\"width\":1920,\"height\":1080,\"caption\":\"Kauno kolegijos kineziterapijos studentai ir d\u0117stytojai po vaik\u0173 laikysenos vertinimo mokykloje-dar\u017eelyje \u201eGil\u0117\u201c \u012fsiam\u017eino bendroje nuotraukoje praktini\u0173 u\u017esi\u0117mim\u0173 erdv\u0117je.\"},{\"@type\":\"BreadcrumbList\",\"@id\":\"https:\\\/\\\/kaunokolegija.lt\\\/mf\\\/naujienos\\\/auno-kolegijos-kineziterapijos-studentai-praktines-zinias-taike-kauno-rajono-mokykloje-darzelyje-gile\\\/#breadcrumb\",\"itemListElement\":[{\"@type\":\"ListItem\",\"position\":1,\"name\":\"Home\",\"item\":\"https:\\\/\\\/kaunokolegija.lt\\\/mf\\\/\"},{\"@type\":\"ListItem\",\"position\":2,\"name\":\"Kauno kolegijos kineziterapijos studentai praktines \u017einias taik\u0117 Kauno rajono mokykloje-dar\u017eelyje \u201eGil\u0117\u201c\"}]},{\"@type\":\"WebSite\",\"@id\":\"https:\\\/\\\/kaunokolegija.lt\\\/mf\\\/#website\",\"url\":\"https:\\\/\\\/kaunokolegija.lt\\\/mf\\\/\",\"name\":\"Medicinos fakultetas\",\"description\":\"Kauno kolegija\",\"publisher\":{\"@id\":\"https:\\\/\\\/kaunokolegija.lt\\\/mf\\\/#organization\"},\"potentialAction\":[{\"@type\":\"SearchAction\",\"target\":{\"@type\":\"EntryPoint\",\"urlTemplate\":\"https:\\\/\\\/kaunokolegija.lt\\\/mf\\\/?s={search_term_string}\"},\"query-input\":{\"@type\":\"PropertyValueSpecification\",\"valueRequired\":true,\"valueName\":\"search_term_string\"}}],\"inLanguage\":\"lt-LT\"},{\"@type\":\"Organization\",\"@id\":\"https:\\\/\\\/kaunokolegija.lt\\\/mf\\\/#organization\",\"name\":\"Kauno kolegija\",\"url\":\"https:\\\/\\\/kaunokolegija.lt\\\/mf\\\/\",\"logo\":{\"@type\":\"ImageObject\",\"inLanguage\":\"lt-LT\",\"@id\":\"https:\\\/\\\/kaunokolegija.lt\\\/mf\\\/#\\\/schema\\\/logo\\\/image\\\/\",\"url\":\"https:\\\/\\\/kaunokolegija.lt\\\/mf\\\/wp-content\\\/uploads\\\/sites\\\/15\\\/2026\\\/01\\\/cropped-KK_MF_LOGO_COLOR.png\",\"contentUrl\":\"https:\\\/\\\/kaunokolegija.lt\\\/mf\\\/wp-content\\\/uploads\\\/sites\\\/15\\\/2026\\\/01\\\/cropped-KK_MF_LOGO_COLOR.png\",\"width\":2084,\"height\":2084,\"caption\":\"Kauno kolegija\"},\"image\":{\"@id\":\"https:\\\/\\\/kaunokolegija.lt\\\/mf\\\/#\\\/schema\\\/logo\\\/image\\\/\"},\"sameAs\":[\"https:\\\/\\\/www.facebook.com\\\/Kauno.kolegija\\\/\"]},{\"@type\":\"Person\",\"@id\":\"https:\\\/\\\/kaunokolegija.lt\\\/mf\\\/#\\\/schema\\\/person\\\/81e6302f0d786da5741a705e003773fe\",\"name\":\"vytautas\",\"image\":{\"@type\":\"ImageObject\",\"inLanguage\":\"lt-LT\",\"@id\":\"https:\\\/\\\/secure.gravatar.com\\\/avatar\\\/cd51e780635434e144f96db32029a783cf0cbf720c25c3a87ac98f1ad0db6164?s=96&d=mm&r=g\",\"url\":\"https:\\\/\\\/secure.gravatar.com\\\/avatar\\\/cd51e780635434e144f96db32029a783cf0cbf720c25c3a87ac98f1ad0db6164?s=96&d=mm&r=g\",\"contentUrl\":\"https:\\\/\\\/secure.gravatar.com\\\/avatar\\\/cd51e780635434e144f96db32029a783cf0cbf720c25c3a87ac98f1ad0db6164?s=96&d=mm&r=g\",\"caption\":\"vytautas\"},\"url\":\"https:\\\/\\\/kaunokolegija.lt\\\/mf\\\/naujienos\\\/author\\\/vytautas\\\/\"}]}<\/script>\n<!-- \/ Yoast SEO plugin. -->","yoast_head_json":{"title":"Vaik\u0173 laikysenos vertinimas Kauno kolegijos student\u0173 praktikoje","description":"Vaik\u0173 laikysenos vertinimas tapo vertinga Kauno kolegijos Medicinos fakulteto kineziterapijos student\u0173 praktika mokykloje-dar\u017eelyje \u201eGil\u0117\u201c.","robots":{"index":"index","follow":"follow","max-snippet":"max-snippet:-1","max-image-preview":"max-image-preview:large","max-video-preview":"max-video-preview:-1"},"canonical":"https:\/\/kaunokolegija.lt\/mf\/naujienos\/auno-kolegijos-kineziterapijos-studentai-praktines-zinias-taike-kauno-rajono-mokykloje-darzelyje-gile\/","og_locale":"lt_LT","og_type":"article","og_title":"Vaik\u0173 laikysenos vertinimas Kauno kolegijos student\u0173 praktikoje","og_description":"Vaik\u0173 laikysenos vertinimas tapo vertinga Kauno kolegijos Medicinos fakulteto kineziterapijos student\u0173 praktika mokykloje-dar\u017eelyje \u201eGil\u0117\u201c.","og_url":"https:\/\/kaunokolegija.lt\/mf\/naujienos\/auno-kolegijos-kineziterapijos-studentai-praktines-zinias-taike-kauno-rajono-mokykloje-darzelyje-gile\/","og_site_name":"Medicinos fakultetas","article_publisher":"https:\/\/www.facebook.com\/Kauno.kolegija\/","article_published_time":"2026-03-25T13:03:17+00:00","og_image":[{"width":1024,"height":576,"url":"https:\/\/kaunokolegija.lt\/mf\/wp-content\/uploads\/sites\/15\/2026\/03\/Bendra-_nuotrauka-1024x576.png","type":"image\/png"}],"author":"vytautas","twitter_card":"summary_large_image","twitter_misc":{"Written by":"vytautas","Est. reading time":"2 minut\u0117s"},"schema":{"@context":"https:\/\/schema.org","@graph":[{"@type":"Article","@id":"https:\/\/kaunokolegija.lt\/mf\/naujienos\/auno-kolegijos-kineziterapijos-studentai-praktines-zinias-taike-kauno-rajono-mokykloje-darzelyje-gile\/#article","isPartOf":{"@id":"https:\/\/kaunokolegija.lt\/mf\/naujienos\/auno-kolegijos-kineziterapijos-studentai-praktines-zinias-taike-kauno-rajono-mokykloje-darzelyje-gile\/"},"author":{"name":"vytautas","@id":"https:\/\/kaunokolegija.lt\/mf\/#\/schema\/person\/81e6302f0d786da5741a705e003773fe"},"headline":"Kauno kolegijos kineziterapijos studentai praktines \u017einias taik\u0117 Kauno rajono mokykloje-dar\u017eelyje \u201eGil\u0117\u201c","datePublished":"2026-03-25T13:03:17+00:00","mainEntityOfPage":{"@id":"https:\/\/kaunokolegija.lt\/mf\/naujienos\/auno-kolegijos-kineziterapijos-studentai-praktines-zinias-taike-kauno-rajono-mokykloje-darzelyje-gile\/"},"wordCount":190,"publisher":{"@id":"https:\/\/kaunokolegija.lt\/mf\/#organization"},"image":{"@id":"https:\/\/kaunokolegija.lt\/mf\/naujienos\/auno-kolegijos-kineziterapijos-studentai-praktines-zinias-taike-kauno-rajono-mokykloje-darzelyje-gile\/#primaryimage"},"thumbnailUrl":"https:\/\/kaunokolegija.lt\/mf\/wp-content\/uploads\/sites\/15\/2026\/03\/Bendra-_nuotrauka.png","articleSection":["Naujienos"],"inLanguage":"lt-LT"},{"@type":"WebPage","@id":"https:\/\/kaunokolegija.lt\/mf\/naujienos\/auno-kolegijos-kineziterapijos-studentai-praktines-zinias-taike-kauno-rajono-mokykloje-darzelyje-gile\/","url":"https:\/\/kaunokolegija.lt\/mf\/naujienos\/auno-kolegijos-kineziterapijos-studentai-praktines-zinias-taike-kauno-rajono-mokykloje-darzelyje-gile\/","name":"Vaik\u0173 laikysenos vertinimas Kauno kolegijos student\u0173 praktikoje","isPartOf":{"@id":"https:\/\/kaunokolegija.lt\/mf\/#website"},"primaryImageOfPage":{"@id":"https:\/\/kaunokolegija.lt\/mf\/naujienos\/auno-kolegijos-kineziterapijos-studentai-praktines-zinias-taike-kauno-rajono-mokykloje-darzelyje-gile\/#primaryimage"},"image":{"@id":"https:\/\/kaunokolegija.lt\/mf\/naujienos\/auno-kolegijos-kineziterapijos-studentai-praktines-zinias-taike-kauno-rajono-mokykloje-darzelyje-gile\/#primaryimage"},"thumbnailUrl":"https:\/\/kaunokolegija.lt\/mf\/wp-content\/uploads\/sites\/15\/2026\/03\/Bendra-_nuotrauka.png","datePublished":"2026-03-25T13:03:17+00:00","description":"Vaik\u0173 laikysenos vertinimas tapo vertinga Kauno kolegijos Medicinos fakulteto kineziterapijos student\u0173 praktika mokykloje-dar\u017eelyje \u201eGil\u0117\u201c.","breadcrumb":{"@id":"https:\/\/kaunokolegija.lt\/mf\/naujienos\/auno-kolegijos-kineziterapijos-studentai-praktines-zinias-taike-kauno-rajono-mokykloje-darzelyje-gile\/#breadcrumb"},"inLanguage":"lt-LT","potentialAction":[{"@type":"ReadAction","target":["https:\/\/kaunokolegija.lt\/mf\/naujienos\/auno-kolegijos-kineziterapijos-studentai-praktines-zinias-taike-kauno-rajono-mokykloje-darzelyje-gile\/"]}]},{"@type":"ImageObject","inLanguage":"lt-LT","@id":"https:\/\/kaunokolegija.lt\/mf\/naujienos\/auno-kolegijos-kineziterapijos-studentai-praktines-zinias-taike-kauno-rajono-mokykloje-darzelyje-gile\/#primaryimage","url":"https:\/\/kaunokolegija.lt\/mf\/wp-content\/uploads\/sites\/15\/2026\/03\/Bendra-_nuotrauka.png","contentUrl":"https:\/\/kaunokolegija.lt\/mf\/wp-content\/uploads\/sites\/15\/2026\/03\/Bendra-_nuotrauka.png","width":1920,"height":1080,"caption":"Kauno kolegijos kineziterapijos studentai ir d\u0117stytojai po vaik\u0173 laikysenos vertinimo mokykloje-dar\u017eelyje \u201eGil\u0117\u201c \u012fsiam\u017eino bendroje nuotraukoje praktini\u0173 u\u017esi\u0117mim\u0173 erdv\u0117je."},{"@type":"BreadcrumbList","@id":"https:\/\/kaunokolegija.lt\/mf\/naujienos\/auno-kolegijos-kineziterapijos-studentai-praktines-zinias-taike-kauno-rajono-mokykloje-darzelyje-gile\/#breadcrumb","itemListElement":[{"@type":"ListItem","position":1,"name":"Home","item":"https:\/\/kaunokolegija.lt\/mf\/"},{"@type":"ListItem","position":2,"name":"Kauno kolegijos kineziterapijos studentai praktines \u017einias taik\u0117 Kauno rajono mokykloje-dar\u017eelyje \u201eGil\u0117\u201c"}]},{"@type":"WebSite","@id":"https:\/\/kaunokolegija.lt\/mf\/#website","url":"https:\/\/kaunokolegija.lt\/mf\/","name":"Medicinos fakultetas","description":"Kauno kolegija","publisher":{"@id":"https:\/\/kaunokolegija.lt\/mf\/#organization"},"potentialAction":[{"@type":"SearchAction","target":{"@type":"EntryPoint","urlTemplate":"https:\/\/kaunokolegija.lt\/mf\/?s={search_term_string}"},"query-input":{"@type":"PropertyValueSpecification","valueRequired":true,"valueName":"search_term_string"}}],"inLanguage":"lt-LT"},{"@type":"Organization","@id":"https:\/\/kaunokolegija.lt\/mf\/#organization","name":"Kauno kolegija","url":"https:\/\/kaunokolegija.lt\/mf\/","logo":{"@type":"ImageObject","inLanguage":"lt-LT","@id":"https:\/\/kaunokolegija.lt\/mf\/#\/schema\/logo\/image\/","url":"https:\/\/kaunokolegija.lt\/mf\/wp-content\/uploads\/sites\/15\/2026\/01\/cropped-KK_MF_LOGO_COLOR.png","contentUrl":"https:\/\/kaunokolegija.lt\/mf\/wp-content\/uploads\/sites\/15\/2026\/01\/cropped-KK_MF_LOGO_COLOR.png","width":2084,"height":2084,"caption":"Kauno kolegija"},"image":{"@id":"https:\/\/kaunokolegija.lt\/mf\/#\/schema\/logo\/image\/"},"sameAs":["https:\/\/www.facebook.com\/Kauno.kolegija\/"]},{"@type":"Person","@id":"https:\/\/kaunokolegija.lt\/mf\/#\/schema\/person\/81e6302f0d786da5741a705e003773fe","name":"vytautas","image":{"@type":"ImageObject","inLanguage":"lt-LT","@id":"https:\/\/secure.gravatar.com\/avatar\/cd51e780635434e144f96db32029a783cf0cbf720c25c3a87ac98f1ad0db6164?s=96&d=mm&r=g","url":"https:\/\/secure.gravatar.com\/avatar\/cd51e780635434e144f96db32029a783cf0cbf720c25c3a87ac98f1ad0db6164?s=96&d=mm&r=g","contentUrl":"https:\/\/secure.gravatar.com\/avatar\/cd51e780635434e144f96db32029a783cf0cbf720c25c3a87ac98f1ad0db6164?s=96&d=mm&r=g","caption":"vytautas"},"url":"https:\/\/kaunokolegija.lt\/mf\/naujienos\/author\/vytautas\/"}]}},"_links":{"self":[{"href":"https:\/\/kaunokolegija.lt\/mf\/wp-json\/wp\/v2\/posts\/279422","targetHints":{"allow":["GET"]}}],"collection":[{"href":"https:\/\/kaunokolegija.lt\/mf\/wp-json\/wp\/v2\/posts"}],"about":[{"href":"https:\/\/kaunokolegija.lt\/mf\/wp-json\/wp\/v2\/types\/post"}],"author":[{"embeddable":true,"href":"https:\/\/kaunokolegija.lt\/mf\/wp-json\/wp\/v2\/users\/11"}],"replies":[{"embeddable":true,"href":"https:\/\/kaunokolegija.lt\/mf\/wp-json\/wp\/v2\/comments?post=279422"}],"version-history":[{"count":1,"href":"https:\/\/kaunokolegija.lt\/mf\/wp-json\/wp\/v2\/posts\/279422\/revisions"}],"predecessor-version":[{"id":279427,"href":"https:\/\/kaunokolegija.lt\/mf\/wp-json\/wp\/v2\/posts\/279422\/revisions\/279427"}],"wp:featuredmedia":[{"embeddable":true,"href":"https:\/\/kaunokolegija.lt\/mf\/wp-json\/wp\/v2\/media\/279423"}],"wp:attachment":[{"href":"https:\/\/kaunokolegija.lt\/mf\/wp-json\/wp\/v2\/media?parent=279422"}],"wp:term":[{"taxonomy":"category","embeddable":true,"href":"https:\/\/kaunokolegija.lt\/mf\/wp-json\/wp\/v2\/categories?post=279422"},{"taxonomy":"post_tag","embeddable":true,"href":"https:\/\/kaunokolegija.lt\/mf\/wp-json\/wp\/v2\/tags?post=279422"}],"curies":[{"name":"wp","href":"https:\/\/api.w.org\/{rel}","templated":true}]}}