{"id":279380,"date":"2026-03-31T12:39:50","date_gmt":"2026-03-31T10:39:50","guid":{"rendered":"https:\/\/kaunokolegija.lt\/itf\/?p=279380"},"modified":"2026-03-31T12:39:51","modified_gmt":"2026-03-31T10:39:51","slug":"lietuvos-vyskupiju-zemelapiu-paroda-kaune-2026","status":"publish","type":"post","link":"https:\/\/kaunokolegija.lt\/itf\/naujienos\/lietuvos-vyskupiju-zemelapiu-paroda-kaune-2026\/","title":{"rendered":"Istorija, \u012fra\u0161yta \u017eem\u0117lapiuose: Kauno kolegijoje atveriama Lietuvos vyskupij\u0173 raidos paroda"},"content":{"rendered":"\n<p class=\"is-style-justify\">2026 m. baland\u017eio 8-25 dienomis Kauno kolegijos Bibliotekos ir mokslin\u0117s komunikacijos centro antrajame auk\u0161te lankytoj\u0173 lauks i\u0161skirtin\u0117 Ilonos ir Valdo Urbanavi\u010di\u0173 asmeninio archyvo paroda \u201eIstorija, \u012fra\u0161yta \u017eem\u0117lapiuose: Lietuvos vyskupijos\u201c. Tai ne tik vizualus istorijos pasakojimas, bet ir intelektuali kelion\u0117 po Lietuvos Ba\u017eny\u010dios raid\u0105, atskleid\u017eianti, kaip per \u0161imtme\u010dius formavosi religin\u0117, kult\u016brin\u0117 ir administracin\u0117 \u0161alies tapatyb\u0117.<\/p>\n\n\n\n<p class=\"is-style-justify\">Parodoje eksponuojami \u017eem\u0117lapiai liudija sud\u0117ting\u0105 ir daugiasluoksn\u0119 Lietuvos kataliki\u0161kosios strukt\u016bros istorij\u0105 \u2013 nuo pirm\u0173j\u0173 krik\u0161\u010dionyb\u0117s \u017eingsni\u0173 iki modernios ba\u017enytin\u0117s provincijos susik\u016brimo. Tai istorija, kurioje susipina politiniai sprendimai, geopolitiniai poky\u010diai ir dvasin\u0117s bendruomen\u0117s augimas.<\/p>\n\n\n\n<p class=\"is-style-justify\">Vienas svarbiausi\u0173 parodos akcent\u0173 \u2013 Lietuvos ba\u017enytin\u0117s provincijos \u017eem\u0117lapis, publikuotas kaip Antano Aleknos knygos \u201eKatalik\u0173 ba\u017eny\u010dia Lietuvoje\u201c priedas (Kaunas, \u0160v. Kazimiero draugija, spaustuv\u0117 \u201e\u0160viesa\u201c, 1936 m.). \u0160is \u017eem\u0117lapis ne tik reprezentuoja tarpukario Lietuvos ba\u017enytin\u0119 strukt\u016br\u0105, bet ir atskleid\u017eia reik\u0161ming\u0105 asmenyb\u0119 \u2013 jo projekto autori\u0173, architekt\u0105 ir arkivyskup\u0105 Jurg\u012f Matulait\u012f. Jo ind\u0117lis \u012f Lietuvos ba\u017enytin\u0117s provincijos k\u016brim\u0105 laikomas vienu svarbiausi\u0173 XX a. prad\u017eios Ba\u017eny\u010dios organizacin\u0117s raidos etap\u0173. Parodos kontekste \u0161is \u017eem\u0117lapis tampa savoti\u0161ku simboliniu dokumentu, \u017eymin\u010diu Lietuvos ba\u017enytin\u0117s autonomijos \u012ftvirtinim\u0105.<\/p>\n\n\n\n<p class=\"is-style-justify\">Ne ma\u017eiau reik\u0161mingas ir kitas eksponatas \u2013 \u201eLietuvos vyskupij\u0173 ribos XIII am\u017eiuje\u201c. \u0160is \u017eem\u0117lapis nukelia \u012f pa\u010dius Lietuvos krik\u0161\u010dion\u0117jimo pradmenis. XIII am\u017eius \u2013 tai laikotarpis, kai valstyb\u0117 dar tik formavosi, o krik\u0161\u010dionyb\u0117 skyn\u0117si keli\u0105 sud\u0117tingomis geopolitin\u0117mis aplinkyb\u0117mis. Pirmieji Romos katalik\u0173 vyskupai Lietuvoje pasirod\u0117 valdant karaliui Mindaugui. Jam pri\u0117mus krik\u0161t\u0105, 1251 metais popie\u017eius Inocentas IV pritar\u0117 atskiros Lietuvos vyskupijos steigimui, o pirmuoju vyskupu paskyr\u0117 kunig\u0105 Kristijon\u0105. \u0160is sprendimas tapo kertiniu akmeniu institucionalizuojant krik\u0161\u010dionyb\u0119 Lietuvos teritorijoje.<\/p>\n\n\n\n<p class=\"is-style-justify\">Paroda aktualizuoja ir platesn\u012f kontekst\u0105 \u2013 Lietuvos ba\u017enytin\u0117s provincijos \u0161imtmet\u012f, kuris da\u017enai simboli\u0161kai vadinamas \u201eBa\u017eny\u010dios Vasario 16-\u0105ja\u201c. Tai priminimas, kad religin\u0117 strukt\u016bra Lietuvoje neatsiejama nuo valstybingumo proces\u0173 ir tautin\u0117s savimon\u0117s stipr\u0117jimo.<\/p>\n\n\n\n<p class=\"is-style-justify\">\u201eIstorija, \u012fra\u0161yta \u017eem\u0117lapiuose\u201c \u2013 tai kvietimas pa\u017evelgti \u012f praeit\u012f ne tik kaip \u012f fakt\u0173 rinkin\u012f, bet kaip \u012f gyv\u0105, vizualiai ap\u010diuopiam\u0105 pasakojim\u0105. \u010cia \u017eem\u0117lapiai tampa istorijos ir atminties dokumentais, padedan\u010diais suprasti Lietuvos vyskupij\u0173 kait\u0105.<\/p>\n\n\n\n<p class=\"is-style-justify\">Paroda bus \u012fdomi tyrin\u0117tojams ir visiems, trok\u0161tantiems giliau suvokti Lietuvos religinio bei kult\u016brinio palikimo pagrindus<\/p>\n","protected":false},"excerpt":{"rendered":"<p>2026 m. baland\u017eio 8-25 dienomis Kauno kolegijos Bibliotekos ir mokslin\u0117s komunikacijos centro antrajame auk\u0161te lankytoj\u0173 lauks i\u0161skirtin\u0117 Ilonos ir Valdo Urbanavi\u010di\u0173 asmeninio archyvo paroda \u201eIstorija, \u012fra\u0161yta \u017eem\u0117lapiuose: Lietuvos vyskupijos\u201c. Tai ne tik&hellip;<\/p>\n","protected":false},"author":10,"featured_media":279381,"comment_status":"closed","ping_status":"closed","sticky":false,"template":"","format":"standard","meta":{"footnotes":""},"categories":[1],"tags":[],"class_list":["post-279380","post","type-post","status-publish","format-standard","has-post-thumbnail","hentry","category-uncategorized"],"yoast_head":"<!-- This site is optimized with the Yoast SEO plugin v27.5 - https:\/\/yoast.com\/product\/yoast-seo-wordpress\/ -->\n<title>Istorija, \u012fra\u0161yta \u017eem\u0117lapiuose: Kauno kolegijoje atveriama Lietuvos vyskupij\u0173 raidos paroda - Informatikos, in\u017einerijos ir technologij\u0173 fakultetas<\/title>\n<meta name=\"description\" content=\"2026 m. baland\u017eio 8\u201325 d. Kauno kolegijoje vyks paroda \u201eIstorija, \u012fra\u0161yta \u017eem\u0117lapiuose: Lietuvos vyskupijos\u201c. Atraskite istorinius \u017eem\u0117lapius ir Ba\u017eny\u010dios raid\u0105 Lietuvoje.\" \/>\n<meta name=\"robots\" content=\"index, follow, max-snippet:-1, max-image-preview:large, max-video-preview:-1\" \/>\n<link rel=\"canonical\" href=\"https:\/\/kaunokolegija.lt\/itf\/naujienos\/lietuvos-vyskupiju-zemelapiu-paroda-kaune-2026\/\" \/>\n<meta property=\"og:locale\" content=\"lt_LT\" \/>\n<meta property=\"og:type\" content=\"article\" \/>\n<meta property=\"og:title\" content=\"Istorija, \u012fra\u0161yta \u017eem\u0117lapiuose: Kauno kolegijoje atveriama Lietuvos vyskupij\u0173 raidos paroda - Informatikos, in\u017einerijos ir technologij\u0173 fakultetas\" \/>\n<meta property=\"og:description\" content=\"2026 m. baland\u017eio 8\u201325 d. Kauno kolegijoje vyks paroda \u201eIstorija, \u012fra\u0161yta \u017eem\u0117lapiuose: Lietuvos vyskupijos\u201c. Atraskite istorinius \u017eem\u0117lapius ir Ba\u017eny\u010dios raid\u0105 Lietuvoje.\" \/>\n<meta property=\"og:url\" content=\"https:\/\/kaunokolegija.lt\/itf\/naujienos\/lietuvos-vyskupiju-zemelapiu-paroda-kaune-2026\/\" \/>\n<meta property=\"og:site_name\" content=\"Informatikos, in\u017einerijos ir technologij\u0173 fakultetas\" \/>\n<meta property=\"article:publisher\" content=\"https:\/\/www.facebook.com\/Kauno.kolegija\/\" \/>\n<meta property=\"article:published_time\" content=\"2026-03-31T10:39:50+00:00\" \/>\n<meta property=\"article:modified_time\" content=\"2026-03-31T10:39:51+00:00\" \/>\n<meta property=\"og:image\" content=\"https:\/\/kaunokolegija.lt\/itf\/wp-content\/uploads\/sites\/16\/2026\/03\/Zemelapis.png\" \/>\n\t<meta property=\"og:image:width\" content=\"1640\" \/>\n\t<meta property=\"og:image:height\" content=\"924\" \/>\n\t<meta property=\"og:image:type\" content=\"image\/png\" \/>\n<meta name=\"author\" content=\"ovidija\" \/>\n<meta name=\"twitter:card\" content=\"summary_large_image\" \/>\n<meta name=\"twitter:label1\" content=\"Written by\" \/>\n\t<meta name=\"twitter:data1\" content=\"ovidija\" \/>\n\t<meta name=\"twitter:label2\" content=\"Est. reading time\" \/>\n\t<meta name=\"twitter:data2\" content=\"2 minut\u0117s\" \/>\n<script type=\"application\/ld+json\" class=\"yoast-schema-graph\">{\"@context\":\"https:\\\/\\\/schema.org\",\"@graph\":[{\"@type\":\"Article\",\"@id\":\"https:\\\/\\\/kaunokolegija.lt\\\/itf\\\/naujienos\\\/lietuvos-vyskupiju-zemelapiu-paroda-kaune-2026\\\/#article\",\"isPartOf\":{\"@id\":\"https:\\\/\\\/kaunokolegija.lt\\\/itf\\\/naujienos\\\/lietuvos-vyskupiju-zemelapiu-paroda-kaune-2026\\\/\"},\"author\":{\"name\":\"ovidija\",\"@id\":\"https:\\\/\\\/kaunokolegija.lt\\\/itf\\\/#\\\/schema\\\/person\\\/ccfa654e8bae440e8a0c76aabe488c91\"},\"headline\":\"Istorija, \u012fra\u0161yta \u017eem\u0117lapiuose: Kauno kolegijoje atveriama Lietuvos vyskupij\u0173 raidos paroda\",\"datePublished\":\"2026-03-31T10:39:50+00:00\",\"dateModified\":\"2026-03-31T10:39:51+00:00\",\"mainEntityOfPage\":{\"@id\":\"https:\\\/\\\/kaunokolegija.lt\\\/itf\\\/naujienos\\\/lietuvos-vyskupiju-zemelapiu-paroda-kaune-2026\\\/\"},\"wordCount\":402,\"publisher\":{\"@id\":\"https:\\\/\\\/kaunokolegija.lt\\\/itf\\\/#organization\"},\"image\":{\"@id\":\"https:\\\/\\\/kaunokolegija.lt\\\/itf\\\/naujienos\\\/lietuvos-vyskupiju-zemelapiu-paroda-kaune-2026\\\/#primaryimage\"},\"thumbnailUrl\":\"https:\\\/\\\/kaunokolegija.lt\\\/itf\\\/wp-content\\\/uploads\\\/sites\\\/16\\\/2026\\\/03\\\/Zemelapis.png\",\"articleSection\":[\"Uncategorized\"],\"inLanguage\":\"lt-LT\"},{\"@type\":\"WebPage\",\"@id\":\"https:\\\/\\\/kaunokolegija.lt\\\/itf\\\/naujienos\\\/lietuvos-vyskupiju-zemelapiu-paroda-kaune-2026\\\/\",\"url\":\"https:\\\/\\\/kaunokolegija.lt\\\/itf\\\/naujienos\\\/lietuvos-vyskupiju-zemelapiu-paroda-kaune-2026\\\/\",\"name\":\"Istorija, \u012fra\u0161yta \u017eem\u0117lapiuose: Kauno kolegijoje atveriama Lietuvos vyskupij\u0173 raidos paroda - Informatikos, in\u017einerijos ir technologij\u0173 fakultetas\",\"isPartOf\":{\"@id\":\"https:\\\/\\\/kaunokolegija.lt\\\/itf\\\/#website\"},\"primaryImageOfPage\":{\"@id\":\"https:\\\/\\\/kaunokolegija.lt\\\/itf\\\/naujienos\\\/lietuvos-vyskupiju-zemelapiu-paroda-kaune-2026\\\/#primaryimage\"},\"image\":{\"@id\":\"https:\\\/\\\/kaunokolegija.lt\\\/itf\\\/naujienos\\\/lietuvos-vyskupiju-zemelapiu-paroda-kaune-2026\\\/#primaryimage\"},\"thumbnailUrl\":\"https:\\\/\\\/kaunokolegija.lt\\\/itf\\\/wp-content\\\/uploads\\\/sites\\\/16\\\/2026\\\/03\\\/Zemelapis.png\",\"datePublished\":\"2026-03-31T10:39:50+00:00\",\"dateModified\":\"2026-03-31T10:39:51+00:00\",\"description\":\"2026 m. baland\u017eio 8\u201325 d. Kauno kolegijoje vyks paroda \u201eIstorija, \u012fra\u0161yta \u017eem\u0117lapiuose: Lietuvos vyskupijos\u201c. Atraskite istorinius \u017eem\u0117lapius ir Ba\u017eny\u010dios raid\u0105 Lietuvoje.\",\"breadcrumb\":{\"@id\":\"https:\\\/\\\/kaunokolegija.lt\\\/itf\\\/naujienos\\\/lietuvos-vyskupiju-zemelapiu-paroda-kaune-2026\\\/#breadcrumb\"},\"inLanguage\":\"lt-LT\",\"potentialAction\":[{\"@type\":\"ReadAction\",\"target\":[\"https:\\\/\\\/kaunokolegija.lt\\\/itf\\\/naujienos\\\/lietuvos-vyskupiju-zemelapiu-paroda-kaune-2026\\\/\"]}]},{\"@type\":\"ImageObject\",\"inLanguage\":\"lt-LT\",\"@id\":\"https:\\\/\\\/kaunokolegija.lt\\\/itf\\\/naujienos\\\/lietuvos-vyskupiju-zemelapiu-paroda-kaune-2026\\\/#primaryimage\",\"url\":\"https:\\\/\\\/kaunokolegija.lt\\\/itf\\\/wp-content\\\/uploads\\\/sites\\\/16\\\/2026\\\/03\\\/Zemelapis.png\",\"contentUrl\":\"https:\\\/\\\/kaunokolegija.lt\\\/itf\\\/wp-content\\\/uploads\\\/sites\\\/16\\\/2026\\\/03\\\/Zemelapis.png\",\"width\":1640,\"height\":924},{\"@type\":\"BreadcrumbList\",\"@id\":\"https:\\\/\\\/kaunokolegija.lt\\\/itf\\\/naujienos\\\/lietuvos-vyskupiju-zemelapiu-paroda-kaune-2026\\\/#breadcrumb\",\"itemListElement\":[{\"@type\":\"ListItem\",\"position\":1,\"name\":\"Home\",\"item\":\"https:\\\/\\\/kaunokolegija.lt\\\/itf\\\/\"},{\"@type\":\"ListItem\",\"position\":2,\"name\":\"Istorija, \u012fra\u0161yta \u017eem\u0117lapiuose: Kauno kolegijoje atveriama Lietuvos vyskupij\u0173 raidos paroda\"}]},{\"@type\":\"WebSite\",\"@id\":\"https:\\\/\\\/kaunokolegija.lt\\\/itf\\\/#website\",\"url\":\"https:\\\/\\\/kaunokolegija.lt\\\/itf\\\/\",\"name\":\"Informatikos, in\u017einerijos ir technologij\u0173 fakultetas\",\"description\":\"Kauno kolegija\",\"publisher\":{\"@id\":\"https:\\\/\\\/kaunokolegija.lt\\\/itf\\\/#organization\"},\"potentialAction\":[{\"@type\":\"SearchAction\",\"target\":{\"@type\":\"EntryPoint\",\"urlTemplate\":\"https:\\\/\\\/kaunokolegija.lt\\\/itf\\\/?s={search_term_string}\"},\"query-input\":{\"@type\":\"PropertyValueSpecification\",\"valueRequired\":true,\"valueName\":\"search_term_string\"}}],\"inLanguage\":\"lt-LT\"},{\"@type\":\"Organization\",\"@id\":\"https:\\\/\\\/kaunokolegija.lt\\\/itf\\\/#organization\",\"name\":\"Kauno kolegija\",\"url\":\"https:\\\/\\\/kaunokolegija.lt\\\/itf\\\/\",\"logo\":{\"@type\":\"ImageObject\",\"inLanguage\":\"lt-LT\",\"@id\":\"https:\\\/\\\/kaunokolegija.lt\\\/itf\\\/#\\\/schema\\\/logo\\\/image\\\/\",\"url\":\"https:\\\/\\\/kaunokolegija.lt\\\/itf\\\/wp-content\\\/uploads\\\/sites\\\/16\\\/2026\\\/01\\\/cropped-KK_ITF_COLOR.png\",\"contentUrl\":\"https:\\\/\\\/kaunokolegija.lt\\\/itf\\\/wp-content\\\/uploads\\\/sites\\\/16\\\/2026\\\/01\\\/cropped-KK_ITF_COLOR.png\",\"width\":2084,\"height\":2084,\"caption\":\"Kauno kolegija\"},\"image\":{\"@id\":\"https:\\\/\\\/kaunokolegija.lt\\\/itf\\\/#\\\/schema\\\/logo\\\/image\\\/\"},\"sameAs\":[\"https:\\\/\\\/www.facebook.com\\\/Kauno.kolegija\\\/\"]},{\"@type\":\"Person\",\"@id\":\"https:\\\/\\\/kaunokolegija.lt\\\/itf\\\/#\\\/schema\\\/person\\\/ccfa654e8bae440e8a0c76aabe488c91\",\"name\":\"ovidija\",\"image\":{\"@type\":\"ImageObject\",\"inLanguage\":\"lt-LT\",\"@id\":\"https:\\\/\\\/secure.gravatar.com\\\/avatar\\\/1ad954cc2af1455849a381ba3436a58f53f2038da69d3d840abe768d73c52ae3?s=96&d=mm&r=g\",\"url\":\"https:\\\/\\\/secure.gravatar.com\\\/avatar\\\/1ad954cc2af1455849a381ba3436a58f53f2038da69d3d840abe768d73c52ae3?s=96&d=mm&r=g\",\"contentUrl\":\"https:\\\/\\\/secure.gravatar.com\\\/avatar\\\/1ad954cc2af1455849a381ba3436a58f53f2038da69d3d840abe768d73c52ae3?s=96&d=mm&r=g\",\"caption\":\"ovidija\"},\"url\":\"https:\\\/\\\/kaunokolegija.lt\\\/itf\\\/naujienos\\\/author\\\/ovidija\\\/\"}]}<\/script>\n<!-- \/ Yoast SEO plugin. -->","yoast_head_json":{"title":"Istorija, \u012fra\u0161yta \u017eem\u0117lapiuose: Kauno kolegijoje atveriama Lietuvos vyskupij\u0173 raidos paroda - Informatikos, in\u017einerijos ir technologij\u0173 fakultetas","description":"2026 m. baland\u017eio 8\u201325 d. Kauno kolegijoje vyks paroda \u201eIstorija, \u012fra\u0161yta \u017eem\u0117lapiuose: Lietuvos vyskupijos\u201c. Atraskite istorinius \u017eem\u0117lapius ir Ba\u017eny\u010dios raid\u0105 Lietuvoje.","robots":{"index":"index","follow":"follow","max-snippet":"max-snippet:-1","max-image-preview":"max-image-preview:large","max-video-preview":"max-video-preview:-1"},"canonical":"https:\/\/kaunokolegija.lt\/itf\/naujienos\/lietuvos-vyskupiju-zemelapiu-paroda-kaune-2026\/","og_locale":"lt_LT","og_type":"article","og_title":"Istorija, \u012fra\u0161yta \u017eem\u0117lapiuose: Kauno kolegijoje atveriama Lietuvos vyskupij\u0173 raidos paroda - Informatikos, in\u017einerijos ir technologij\u0173 fakultetas","og_description":"2026 m. baland\u017eio 8\u201325 d. Kauno kolegijoje vyks paroda \u201eIstorija, \u012fra\u0161yta \u017eem\u0117lapiuose: Lietuvos vyskupijos\u201c. Atraskite istorinius \u017eem\u0117lapius ir Ba\u017eny\u010dios raid\u0105 Lietuvoje.","og_url":"https:\/\/kaunokolegija.lt\/itf\/naujienos\/lietuvos-vyskupiju-zemelapiu-paroda-kaune-2026\/","og_site_name":"Informatikos, in\u017einerijos ir technologij\u0173 fakultetas","article_publisher":"https:\/\/www.facebook.com\/Kauno.kolegija\/","article_published_time":"2026-03-31T10:39:50+00:00","article_modified_time":"2026-03-31T10:39:51+00:00","og_image":[{"width":1640,"height":924,"url":"https:\/\/kaunokolegija.lt\/itf\/wp-content\/uploads\/sites\/16\/2026\/03\/Zemelapis.png","type":"image\/png"}],"author":"ovidija","twitter_card":"summary_large_image","twitter_misc":{"Written by":"ovidija","Est. reading time":"2 minut\u0117s"},"schema":{"@context":"https:\/\/schema.org","@graph":[{"@type":"Article","@id":"https:\/\/kaunokolegija.lt\/itf\/naujienos\/lietuvos-vyskupiju-zemelapiu-paroda-kaune-2026\/#article","isPartOf":{"@id":"https:\/\/kaunokolegija.lt\/itf\/naujienos\/lietuvos-vyskupiju-zemelapiu-paroda-kaune-2026\/"},"author":{"name":"ovidija","@id":"https:\/\/kaunokolegija.lt\/itf\/#\/schema\/person\/ccfa654e8bae440e8a0c76aabe488c91"},"headline":"Istorija, \u012fra\u0161yta \u017eem\u0117lapiuose: Kauno kolegijoje atveriama Lietuvos vyskupij\u0173 raidos paroda","datePublished":"2026-03-31T10:39:50+00:00","dateModified":"2026-03-31T10:39:51+00:00","mainEntityOfPage":{"@id":"https:\/\/kaunokolegija.lt\/itf\/naujienos\/lietuvos-vyskupiju-zemelapiu-paroda-kaune-2026\/"},"wordCount":402,"publisher":{"@id":"https:\/\/kaunokolegija.lt\/itf\/#organization"},"image":{"@id":"https:\/\/kaunokolegija.lt\/itf\/naujienos\/lietuvos-vyskupiju-zemelapiu-paroda-kaune-2026\/#primaryimage"},"thumbnailUrl":"https:\/\/kaunokolegija.lt\/itf\/wp-content\/uploads\/sites\/16\/2026\/03\/Zemelapis.png","articleSection":["Uncategorized"],"inLanguage":"lt-LT"},{"@type":"WebPage","@id":"https:\/\/kaunokolegija.lt\/itf\/naujienos\/lietuvos-vyskupiju-zemelapiu-paroda-kaune-2026\/","url":"https:\/\/kaunokolegija.lt\/itf\/naujienos\/lietuvos-vyskupiju-zemelapiu-paroda-kaune-2026\/","name":"Istorija, \u012fra\u0161yta \u017eem\u0117lapiuose: Kauno kolegijoje atveriama Lietuvos vyskupij\u0173 raidos paroda - Informatikos, in\u017einerijos ir technologij\u0173 fakultetas","isPartOf":{"@id":"https:\/\/kaunokolegija.lt\/itf\/#website"},"primaryImageOfPage":{"@id":"https:\/\/kaunokolegija.lt\/itf\/naujienos\/lietuvos-vyskupiju-zemelapiu-paroda-kaune-2026\/#primaryimage"},"image":{"@id":"https:\/\/kaunokolegija.lt\/itf\/naujienos\/lietuvos-vyskupiju-zemelapiu-paroda-kaune-2026\/#primaryimage"},"thumbnailUrl":"https:\/\/kaunokolegija.lt\/itf\/wp-content\/uploads\/sites\/16\/2026\/03\/Zemelapis.png","datePublished":"2026-03-31T10:39:50+00:00","dateModified":"2026-03-31T10:39:51+00:00","description":"2026 m. baland\u017eio 8\u201325 d. Kauno kolegijoje vyks paroda \u201eIstorija, \u012fra\u0161yta \u017eem\u0117lapiuose: Lietuvos vyskupijos\u201c. Atraskite istorinius \u017eem\u0117lapius ir Ba\u017eny\u010dios raid\u0105 Lietuvoje.","breadcrumb":{"@id":"https:\/\/kaunokolegija.lt\/itf\/naujienos\/lietuvos-vyskupiju-zemelapiu-paroda-kaune-2026\/#breadcrumb"},"inLanguage":"lt-LT","potentialAction":[{"@type":"ReadAction","target":["https:\/\/kaunokolegija.lt\/itf\/naujienos\/lietuvos-vyskupiju-zemelapiu-paroda-kaune-2026\/"]}]},{"@type":"ImageObject","inLanguage":"lt-LT","@id":"https:\/\/kaunokolegija.lt\/itf\/naujienos\/lietuvos-vyskupiju-zemelapiu-paroda-kaune-2026\/#primaryimage","url":"https:\/\/kaunokolegija.lt\/itf\/wp-content\/uploads\/sites\/16\/2026\/03\/Zemelapis.png","contentUrl":"https:\/\/kaunokolegija.lt\/itf\/wp-content\/uploads\/sites\/16\/2026\/03\/Zemelapis.png","width":1640,"height":924},{"@type":"BreadcrumbList","@id":"https:\/\/kaunokolegija.lt\/itf\/naujienos\/lietuvos-vyskupiju-zemelapiu-paroda-kaune-2026\/#breadcrumb","itemListElement":[{"@type":"ListItem","position":1,"name":"Home","item":"https:\/\/kaunokolegija.lt\/itf\/"},{"@type":"ListItem","position":2,"name":"Istorija, \u012fra\u0161yta \u017eem\u0117lapiuose: Kauno kolegijoje atveriama Lietuvos vyskupij\u0173 raidos paroda"}]},{"@type":"WebSite","@id":"https:\/\/kaunokolegija.lt\/itf\/#website","url":"https:\/\/kaunokolegija.lt\/itf\/","name":"Informatikos, in\u017einerijos ir technologij\u0173 fakultetas","description":"Kauno kolegija","publisher":{"@id":"https:\/\/kaunokolegija.lt\/itf\/#organization"},"potentialAction":[{"@type":"SearchAction","target":{"@type":"EntryPoint","urlTemplate":"https:\/\/kaunokolegija.lt\/itf\/?s={search_term_string}"},"query-input":{"@type":"PropertyValueSpecification","valueRequired":true,"valueName":"search_term_string"}}],"inLanguage":"lt-LT"},{"@type":"Organization","@id":"https:\/\/kaunokolegija.lt\/itf\/#organization","name":"Kauno kolegija","url":"https:\/\/kaunokolegija.lt\/itf\/","logo":{"@type":"ImageObject","inLanguage":"lt-LT","@id":"https:\/\/kaunokolegija.lt\/itf\/#\/schema\/logo\/image\/","url":"https:\/\/kaunokolegija.lt\/itf\/wp-content\/uploads\/sites\/16\/2026\/01\/cropped-KK_ITF_COLOR.png","contentUrl":"https:\/\/kaunokolegija.lt\/itf\/wp-content\/uploads\/sites\/16\/2026\/01\/cropped-KK_ITF_COLOR.png","width":2084,"height":2084,"caption":"Kauno kolegija"},"image":{"@id":"https:\/\/kaunokolegija.lt\/itf\/#\/schema\/logo\/image\/"},"sameAs":["https:\/\/www.facebook.com\/Kauno.kolegija\/"]},{"@type":"Person","@id":"https:\/\/kaunokolegija.lt\/itf\/#\/schema\/person\/ccfa654e8bae440e8a0c76aabe488c91","name":"ovidija","image":{"@type":"ImageObject","inLanguage":"lt-LT","@id":"https:\/\/secure.gravatar.com\/avatar\/1ad954cc2af1455849a381ba3436a58f53f2038da69d3d840abe768d73c52ae3?s=96&d=mm&r=g","url":"https:\/\/secure.gravatar.com\/avatar\/1ad954cc2af1455849a381ba3436a58f53f2038da69d3d840abe768d73c52ae3?s=96&d=mm&r=g","contentUrl":"https:\/\/secure.gravatar.com\/avatar\/1ad954cc2af1455849a381ba3436a58f53f2038da69d3d840abe768d73c52ae3?s=96&d=mm&r=g","caption":"ovidija"},"url":"https:\/\/kaunokolegija.lt\/itf\/naujienos\/author\/ovidija\/"}]}},"_links":{"self":[{"href":"https:\/\/kaunokolegija.lt\/itf\/wp-json\/wp\/v2\/posts\/279380","targetHints":{"allow":["GET"]}}],"collection":[{"href":"https:\/\/kaunokolegija.lt\/itf\/wp-json\/wp\/v2\/posts"}],"about":[{"href":"https:\/\/kaunokolegija.lt\/itf\/wp-json\/wp\/v2\/types\/post"}],"author":[{"embeddable":true,"href":"https:\/\/kaunokolegija.lt\/itf\/wp-json\/wp\/v2\/users\/10"}],"replies":[{"embeddable":true,"href":"https:\/\/kaunokolegija.lt\/itf\/wp-json\/wp\/v2\/comments?post=279380"}],"version-history":[{"count":1,"href":"https:\/\/kaunokolegija.lt\/itf\/wp-json\/wp\/v2\/posts\/279380\/revisions"}],"predecessor-version":[{"id":279382,"href":"https:\/\/kaunokolegija.lt\/itf\/wp-json\/wp\/v2\/posts\/279380\/revisions\/279382"}],"wp:featuredmedia":[{"embeddable":true,"href":"https:\/\/kaunokolegija.lt\/itf\/wp-json\/wp\/v2\/media\/279381"}],"wp:attachment":[{"href":"https:\/\/kaunokolegija.lt\/itf\/wp-json\/wp\/v2\/media?parent=279380"}],"wp:term":[{"taxonomy":"category","embeddable":true,"href":"https:\/\/kaunokolegija.lt\/itf\/wp-json\/wp\/v2\/categories?post=279380"},{"taxonomy":"post_tag","embeddable":true,"href":"https:\/\/kaunokolegija.lt\/itf\/wp-json\/wp\/v2\/tags?post=279380"}],"curies":[{"name":"wp","href":"https:\/\/api.w.org\/{rel}","templated":true}]}}