{"id":279367,"date":"2026-03-17T14:48:21","date_gmt":"2026-03-17T12:48:21","guid":{"rendered":"https:\/\/kaunokolegija.lt\/itf\/?p=279367"},"modified":"2026-03-17T14:48:21","modified_gmt":"2026-03-17T12:48:21","slug":"tarptautine-savaite-kauno-kolegija","status":"publish","type":"post","link":"https:\/\/kaunokolegija.lt\/itf\/naujienos\/tarptautine-savaite-kauno-kolegija\/","title":{"rendered":"Tarptautin\u0117 savait\u0117 \u2013 baland\u017eio 13\u201317 dienomis: kvie\u010diame dalyvauti"},"content":{"rendered":"\n<p class=\"is-style-justify\">Baland\u017eio 13\u201317 dienomis Kauno kolegijoje vyksianti Tarptautin\u0117 savait\u0117 \u201eConnecting Minds, Empowering Futures: Data, Diversity, and a Digital Europe\u201c suburs sve\u010dius i\u0161 daugiau nei 20-ies \u0161ali\u0173: Pranc\u016bzijos, Ispanijos, Vokietijos, Albanijos, Kenijos, Jungtini\u0173 Amerikos Valstij\u0173, Indijos, Suomijos, Japonijos, Portugalijos ir kt.<\/p>\n\n\n\n<p class=\"is-style-justify\">\u0160i Tarptautin\u0117 savait\u0117 skirta bendradarbiavimo stiprinimui sprend\u017eiant Europos auk\u0161tojo mokslo ateit\u012f lemian\u010dius klausimus, tokius kaip strateginis duomen\u0173 naudojimas moksliniuose tyrimuose ir inovacijose, \u012fvairov\u0117s ir tarpkult\u016brin\u0117s kompetencijos skatinimas bei spartesnis per\u0117jimas prie skaitmenin\u0117s Europos.<\/p>\n\n\n\n<p class=\"is-style-justify\">Kvie\u010diame Kauno kolegijos bendruomen\u0117s narius dalyvauti oficialiame Tarptautin\u0117s savait\u0117s atidaryme, panelin\u0117je diskusijoje temomis&nbsp;<em>AI &amp; Ethics<\/em>,&nbsp;<em>Collaboration in a Fragmented World<\/em>,&nbsp;<em>Shaping a Human \u2013 Centered Digital Europe<\/em>, tarptautin\u0117je mokslin\u0117je konferencijoje&nbsp;<strong><a href=\"https:\/\/kaunokolegija.lt\/vf\/naujienos\/tarptautine-moksline-konferencija-business-and-technology-conference-2026-skelbiama-registracija\/\" target=\"_blank\" rel=\"noreferrer noopener\">\u201eBusiness and Technology Conference 2026\u201c<\/a><\/strong>&nbsp;bei tarptautin\u0117je mokslin\u0117je-praktin\u0117je konferencijoje&nbsp;<strong><a href=\"https:\/\/kaunokolegija.lt\/mf\/naujienos\/kvieciame-dalyvauti-tarptautineje-mokslineje-praktineje-konferencijoje-hesdia-2026\/\" target=\"_blank\" rel=\"noreferrer noopener\">\u201eHealth, Environment, Sustainable Development: Interdisciplinary Approach (HESDIA)\u201c<\/a><\/strong>.<\/p>\n\n\n\n<p class=\"is-style-justify\">Prisijunkite, kad kartu stiprintume partneryst\u0119, pasidalintume ger\u0105ja patirtimi ir pad\u0117tume pagrind\u0105 naujiems bendriems projektams taikomojo mokslo ir \u0161vietimo srityse.<\/p>\n\n\n\n<div class=\"wp-block-buttons is-layout-flex wp-block-buttons-is-layout-flex\">\n<div class=\"wp-block-button\"><a class=\"wp-block-button__link has-base-background-color has-text-color has-background has-link-color has-text-align-center wp-element-button\" href=\"https:\/\/kaunokolegija.lt\/wp-content\/uploads\/2026\/03\/Tarptautine-savaite-2026-Programa-lietuviu-k.pdf\" style=\"color:#399e97\">Programa<\/a><\/div>\n<\/div>\n\n\n\n<p><\/p>\n\n\n\n<p><\/p>\n","protected":false},"excerpt":{"rendered":"<p>Baland\u017eio 13\u201317 dienomis Kauno kolegijoje vyksianti Tarptautin\u0117 savait\u0117 \u201eConnecting Minds, Empowering Futures: Data, Diversity, and a Digital Europe\u201c suburs sve\u010dius i\u0161 daugiau nei 20-ies \u0161ali\u0173: Pranc\u016bzijos, Ispanijos, Vokietijos, Albanijos, Kenijos, Jungtini\u0173 Amerikos&hellip;<\/p>\n","protected":false},"author":10,"featured_media":279368,"comment_status":"closed","ping_status":"closed","sticky":false,"template":"","format":"standard","meta":{"footnotes":""},"categories":[1],"tags":[],"class_list":["post-279367","post","type-post","status-publish","format-standard","has-post-thumbnail","hentry","category-uncategorized"],"yoast_head":"<!-- This site is optimized with the Yoast SEO plugin v27.5 - https:\/\/yoast.com\/product\/yoast-seo-wordpress\/ -->\n<title>Tarptautin\u0117 savait\u0117 \u2013 baland\u017eio 13\u201317 dienomis: kvie\u010diame dalyvauti - Informatikos, in\u017einerijos ir technologij\u0173 fakultetas<\/title>\n<meta name=\"description\" content=\"Baland\u017eio 13\u201317 dienomis Kauno kolegijoje vyksianti Tarptautin\u0117 savait\u0117 \u201eConnecting Minds, Empowering Futures: Data, Diversity, and a Digital Europe\u201c suburs sve\u010dius i\u0161 daugiau nei 20-ies \u0161ali\u0173: Pranc\u016bzijos, Ispanijos, Vokietijos, Albanijos, Kenijos, Jungtini\u0173 Amerikos Valstij\u0173, Indijos, Suomijos, Japonijos, Portugalijos ir kt.\" \/>\n<meta name=\"robots\" content=\"index, follow, max-snippet:-1, max-image-preview:large, max-video-preview:-1\" \/>\n<link rel=\"canonical\" href=\"https:\/\/kaunokolegija.lt\/itf\/naujienos\/tarptautine-savaite-kauno-kolegija\/\" \/>\n<meta property=\"og:locale\" content=\"lt_LT\" \/>\n<meta property=\"og:type\" content=\"article\" \/>\n<meta property=\"og:title\" content=\"Tarptautin\u0117 savait\u0117 \u2013 baland\u017eio 13\u201317 dienomis: kvie\u010diame dalyvauti - Informatikos, in\u017einerijos ir technologij\u0173 fakultetas\" \/>\n<meta property=\"og:description\" content=\"Baland\u017eio 13\u201317 dienomis Kauno kolegijoje vyksianti Tarptautin\u0117 savait\u0117 \u201eConnecting Minds, Empowering Futures: Data, Diversity, and a Digital Europe\u201c suburs sve\u010dius i\u0161 daugiau nei 20-ies \u0161ali\u0173: Pranc\u016bzijos, Ispanijos, Vokietijos, Albanijos, Kenijos, Jungtini\u0173 Amerikos Valstij\u0173, Indijos, Suomijos, Japonijos, Portugalijos ir kt.\" \/>\n<meta property=\"og:url\" content=\"https:\/\/kaunokolegija.lt\/itf\/naujienos\/tarptautine-savaite-kauno-kolegija\/\" \/>\n<meta property=\"og:site_name\" content=\"Informatikos, in\u017einerijos ir technologij\u0173 fakultetas\" \/>\n<meta property=\"article:publisher\" content=\"https:\/\/www.facebook.com\/Kauno.kolegija\/\" \/>\n<meta property=\"article:published_time\" content=\"2026-03-17T12:48:21+00:00\" \/>\n<meta property=\"og:image\" content=\"https:\/\/kaunokolegija.lt\/itf\/wp-content\/uploads\/sites\/16\/2026\/03\/Tarptautine-savaite-2026-1536x864-1-1024x576.png\" \/>\n\t<meta property=\"og:image:width\" content=\"1024\" \/>\n\t<meta property=\"og:image:height\" content=\"576\" \/>\n\t<meta property=\"og:image:type\" content=\"image\/png\" \/>\n<meta name=\"author\" content=\"ovidija\" \/>\n<meta name=\"twitter:card\" content=\"summary_large_image\" \/>\n<meta name=\"twitter:label1\" content=\"Written by\" \/>\n\t<meta name=\"twitter:data1\" content=\"ovidija\" \/>\n\t<meta name=\"twitter:label2\" content=\"Est. reading time\" \/>\n\t<meta name=\"twitter:data2\" content=\"1 minut\u0117\" \/>\n<script type=\"application\/ld+json\" class=\"yoast-schema-graph\">{\"@context\":\"https:\\\/\\\/schema.org\",\"@graph\":[{\"@type\":\"Article\",\"@id\":\"https:\\\/\\\/kaunokolegija.lt\\\/itf\\\/naujienos\\\/tarptautine-savaite-kauno-kolegija\\\/#article\",\"isPartOf\":{\"@id\":\"https:\\\/\\\/kaunokolegija.lt\\\/itf\\\/naujienos\\\/tarptautine-savaite-kauno-kolegija\\\/\"},\"author\":{\"name\":\"ovidija\",\"@id\":\"https:\\\/\\\/kaunokolegija.lt\\\/itf\\\/#\\\/schema\\\/person\\\/ccfa654e8bae440e8a0c76aabe488c91\"},\"headline\":\"Tarptautin\u0117 savait\u0117 \u2013 baland\u017eio 13\u201317 dienomis: kvie\u010diame dalyvauti\",\"datePublished\":\"2026-03-17T12:48:21+00:00\",\"mainEntityOfPage\":{\"@id\":\"https:\\\/\\\/kaunokolegija.lt\\\/itf\\\/naujienos\\\/tarptautine-savaite-kauno-kolegija\\\/\"},\"wordCount\":173,\"publisher\":{\"@id\":\"https:\\\/\\\/kaunokolegija.lt\\\/itf\\\/#organization\"},\"image\":{\"@id\":\"https:\\\/\\\/kaunokolegija.lt\\\/itf\\\/naujienos\\\/tarptautine-savaite-kauno-kolegija\\\/#primaryimage\"},\"thumbnailUrl\":\"https:\\\/\\\/kaunokolegija.lt\\\/itf\\\/wp-content\\\/uploads\\\/sites\\\/16\\\/2026\\\/03\\\/Tarptautine-savaite-2026-1536x864-1.png\",\"articleSection\":[\"Uncategorized\"],\"inLanguage\":\"lt-LT\"},{\"@type\":\"WebPage\",\"@id\":\"https:\\\/\\\/kaunokolegija.lt\\\/itf\\\/naujienos\\\/tarptautine-savaite-kauno-kolegija\\\/\",\"url\":\"https:\\\/\\\/kaunokolegija.lt\\\/itf\\\/naujienos\\\/tarptautine-savaite-kauno-kolegija\\\/\",\"name\":\"Tarptautin\u0117 savait\u0117 \u2013 baland\u017eio 13\u201317 dienomis: kvie\u010diame dalyvauti - Informatikos, in\u017einerijos ir technologij\u0173 fakultetas\",\"isPartOf\":{\"@id\":\"https:\\\/\\\/kaunokolegija.lt\\\/itf\\\/#website\"},\"primaryImageOfPage\":{\"@id\":\"https:\\\/\\\/kaunokolegija.lt\\\/itf\\\/naujienos\\\/tarptautine-savaite-kauno-kolegija\\\/#primaryimage\"},\"image\":{\"@id\":\"https:\\\/\\\/kaunokolegija.lt\\\/itf\\\/naujienos\\\/tarptautine-savaite-kauno-kolegija\\\/#primaryimage\"},\"thumbnailUrl\":\"https:\\\/\\\/kaunokolegija.lt\\\/itf\\\/wp-content\\\/uploads\\\/sites\\\/16\\\/2026\\\/03\\\/Tarptautine-savaite-2026-1536x864-1.png\",\"datePublished\":\"2026-03-17T12:48:21+00:00\",\"description\":\"Baland\u017eio 13\u201317 dienomis Kauno kolegijoje vyksianti Tarptautin\u0117 savait\u0117 \u201eConnecting Minds, Empowering Futures: Data, Diversity, and a Digital Europe\u201c suburs sve\u010dius i\u0161 daugiau nei 20-ies \u0161ali\u0173: Pranc\u016bzijos, Ispanijos, Vokietijos, Albanijos, Kenijos, Jungtini\u0173 Amerikos Valstij\u0173, Indijos, Suomijos, Japonijos, Portugalijos ir kt.\",\"breadcrumb\":{\"@id\":\"https:\\\/\\\/kaunokolegija.lt\\\/itf\\\/naujienos\\\/tarptautine-savaite-kauno-kolegija\\\/#breadcrumb\"},\"inLanguage\":\"lt-LT\",\"potentialAction\":[{\"@type\":\"ReadAction\",\"target\":[\"https:\\\/\\\/kaunokolegija.lt\\\/itf\\\/naujienos\\\/tarptautine-savaite-kauno-kolegija\\\/\"]}]},{\"@type\":\"ImageObject\",\"inLanguage\":\"lt-LT\",\"@id\":\"https:\\\/\\\/kaunokolegija.lt\\\/itf\\\/naujienos\\\/tarptautine-savaite-kauno-kolegija\\\/#primaryimage\",\"url\":\"https:\\\/\\\/kaunokolegija.lt\\\/itf\\\/wp-content\\\/uploads\\\/sites\\\/16\\\/2026\\\/03\\\/Tarptautine-savaite-2026-1536x864-1.png\",\"contentUrl\":\"https:\\\/\\\/kaunokolegija.lt\\\/itf\\\/wp-content\\\/uploads\\\/sites\\\/16\\\/2026\\\/03\\\/Tarptautine-savaite-2026-1536x864-1.png\",\"width\":1536,\"height\":864},{\"@type\":\"BreadcrumbList\",\"@id\":\"https:\\\/\\\/kaunokolegija.lt\\\/itf\\\/naujienos\\\/tarptautine-savaite-kauno-kolegija\\\/#breadcrumb\",\"itemListElement\":[{\"@type\":\"ListItem\",\"position\":1,\"name\":\"Home\",\"item\":\"https:\\\/\\\/kaunokolegija.lt\\\/itf\\\/\"},{\"@type\":\"ListItem\",\"position\":2,\"name\":\"Tarptautin\u0117 savait\u0117 \u2013 baland\u017eio 13\u201317 dienomis: kvie\u010diame dalyvauti\"}]},{\"@type\":\"WebSite\",\"@id\":\"https:\\\/\\\/kaunokolegija.lt\\\/itf\\\/#website\",\"url\":\"https:\\\/\\\/kaunokolegija.lt\\\/itf\\\/\",\"name\":\"Informatikos, in\u017einerijos ir technologij\u0173 fakultetas\",\"description\":\"Kauno kolegija\",\"publisher\":{\"@id\":\"https:\\\/\\\/kaunokolegija.lt\\\/itf\\\/#organization\"},\"potentialAction\":[{\"@type\":\"SearchAction\",\"target\":{\"@type\":\"EntryPoint\",\"urlTemplate\":\"https:\\\/\\\/kaunokolegija.lt\\\/itf\\\/?s={search_term_string}\"},\"query-input\":{\"@type\":\"PropertyValueSpecification\",\"valueRequired\":true,\"valueName\":\"search_term_string\"}}],\"inLanguage\":\"lt-LT\"},{\"@type\":\"Organization\",\"@id\":\"https:\\\/\\\/kaunokolegija.lt\\\/itf\\\/#organization\",\"name\":\"Kauno kolegija\",\"url\":\"https:\\\/\\\/kaunokolegija.lt\\\/itf\\\/\",\"logo\":{\"@type\":\"ImageObject\",\"inLanguage\":\"lt-LT\",\"@id\":\"https:\\\/\\\/kaunokolegija.lt\\\/itf\\\/#\\\/schema\\\/logo\\\/image\\\/\",\"url\":\"https:\\\/\\\/kaunokolegija.lt\\\/itf\\\/wp-content\\\/uploads\\\/sites\\\/16\\\/2026\\\/01\\\/cropped-KK_ITF_COLOR.png\",\"contentUrl\":\"https:\\\/\\\/kaunokolegija.lt\\\/itf\\\/wp-content\\\/uploads\\\/sites\\\/16\\\/2026\\\/01\\\/cropped-KK_ITF_COLOR.png\",\"width\":2084,\"height\":2084,\"caption\":\"Kauno kolegija\"},\"image\":{\"@id\":\"https:\\\/\\\/kaunokolegija.lt\\\/itf\\\/#\\\/schema\\\/logo\\\/image\\\/\"},\"sameAs\":[\"https:\\\/\\\/www.facebook.com\\\/Kauno.kolegija\\\/\"]},{\"@type\":\"Person\",\"@id\":\"https:\\\/\\\/kaunokolegija.lt\\\/itf\\\/#\\\/schema\\\/person\\\/ccfa654e8bae440e8a0c76aabe488c91\",\"name\":\"ovidija\",\"image\":{\"@type\":\"ImageObject\",\"inLanguage\":\"lt-LT\",\"@id\":\"https:\\\/\\\/secure.gravatar.com\\\/avatar\\\/1ad954cc2af1455849a381ba3436a58f53f2038da69d3d840abe768d73c52ae3?s=96&d=mm&r=g\",\"url\":\"https:\\\/\\\/secure.gravatar.com\\\/avatar\\\/1ad954cc2af1455849a381ba3436a58f53f2038da69d3d840abe768d73c52ae3?s=96&d=mm&r=g\",\"contentUrl\":\"https:\\\/\\\/secure.gravatar.com\\\/avatar\\\/1ad954cc2af1455849a381ba3436a58f53f2038da69d3d840abe768d73c52ae3?s=96&d=mm&r=g\",\"caption\":\"ovidija\"},\"url\":\"https:\\\/\\\/kaunokolegija.lt\\\/itf\\\/naujienos\\\/author\\\/ovidija\\\/\"}]}<\/script>\n<!-- \/ Yoast SEO plugin. -->","yoast_head_json":{"title":"Tarptautin\u0117 savait\u0117 \u2013 baland\u017eio 13\u201317 dienomis: kvie\u010diame dalyvauti - Informatikos, in\u017einerijos ir technologij\u0173 fakultetas","description":"Baland\u017eio 13\u201317 dienomis Kauno kolegijoje vyksianti Tarptautin\u0117 savait\u0117 \u201eConnecting Minds, Empowering Futures: Data, Diversity, and a Digital Europe\u201c suburs sve\u010dius i\u0161 daugiau nei 20-ies \u0161ali\u0173: Pranc\u016bzijos, Ispanijos, Vokietijos, Albanijos, Kenijos, Jungtini\u0173 Amerikos Valstij\u0173, Indijos, Suomijos, Japonijos, Portugalijos ir kt.","robots":{"index":"index","follow":"follow","max-snippet":"max-snippet:-1","max-image-preview":"max-image-preview:large","max-video-preview":"max-video-preview:-1"},"canonical":"https:\/\/kaunokolegija.lt\/itf\/naujienos\/tarptautine-savaite-kauno-kolegija\/","og_locale":"lt_LT","og_type":"article","og_title":"Tarptautin\u0117 savait\u0117 \u2013 baland\u017eio 13\u201317 dienomis: kvie\u010diame dalyvauti - Informatikos, in\u017einerijos ir technologij\u0173 fakultetas","og_description":"Baland\u017eio 13\u201317 dienomis Kauno kolegijoje vyksianti Tarptautin\u0117 savait\u0117 \u201eConnecting Minds, Empowering Futures: Data, Diversity, and a Digital Europe\u201c suburs sve\u010dius i\u0161 daugiau nei 20-ies \u0161ali\u0173: Pranc\u016bzijos, Ispanijos, Vokietijos, Albanijos, Kenijos, Jungtini\u0173 Amerikos Valstij\u0173, Indijos, Suomijos, Japonijos, Portugalijos ir kt.","og_url":"https:\/\/kaunokolegija.lt\/itf\/naujienos\/tarptautine-savaite-kauno-kolegija\/","og_site_name":"Informatikos, in\u017einerijos ir technologij\u0173 fakultetas","article_publisher":"https:\/\/www.facebook.com\/Kauno.kolegija\/","article_published_time":"2026-03-17T12:48:21+00:00","og_image":[{"width":1024,"height":576,"url":"https:\/\/kaunokolegija.lt\/itf\/wp-content\/uploads\/sites\/16\/2026\/03\/Tarptautine-savaite-2026-1536x864-1-1024x576.png","type":"image\/png"}],"author":"ovidija","twitter_card":"summary_large_image","twitter_misc":{"Written by":"ovidija","Est. reading time":"1 minut\u0117"},"schema":{"@context":"https:\/\/schema.org","@graph":[{"@type":"Article","@id":"https:\/\/kaunokolegija.lt\/itf\/naujienos\/tarptautine-savaite-kauno-kolegija\/#article","isPartOf":{"@id":"https:\/\/kaunokolegija.lt\/itf\/naujienos\/tarptautine-savaite-kauno-kolegija\/"},"author":{"name":"ovidija","@id":"https:\/\/kaunokolegija.lt\/itf\/#\/schema\/person\/ccfa654e8bae440e8a0c76aabe488c91"},"headline":"Tarptautin\u0117 savait\u0117 \u2013 baland\u017eio 13\u201317 dienomis: kvie\u010diame dalyvauti","datePublished":"2026-03-17T12:48:21+00:00","mainEntityOfPage":{"@id":"https:\/\/kaunokolegija.lt\/itf\/naujienos\/tarptautine-savaite-kauno-kolegija\/"},"wordCount":173,"publisher":{"@id":"https:\/\/kaunokolegija.lt\/itf\/#organization"},"image":{"@id":"https:\/\/kaunokolegija.lt\/itf\/naujienos\/tarptautine-savaite-kauno-kolegija\/#primaryimage"},"thumbnailUrl":"https:\/\/kaunokolegija.lt\/itf\/wp-content\/uploads\/sites\/16\/2026\/03\/Tarptautine-savaite-2026-1536x864-1.png","articleSection":["Uncategorized"],"inLanguage":"lt-LT"},{"@type":"WebPage","@id":"https:\/\/kaunokolegija.lt\/itf\/naujienos\/tarptautine-savaite-kauno-kolegija\/","url":"https:\/\/kaunokolegija.lt\/itf\/naujienos\/tarptautine-savaite-kauno-kolegija\/","name":"Tarptautin\u0117 savait\u0117 \u2013 baland\u017eio 13\u201317 dienomis: kvie\u010diame dalyvauti - Informatikos, in\u017einerijos ir technologij\u0173 fakultetas","isPartOf":{"@id":"https:\/\/kaunokolegija.lt\/itf\/#website"},"primaryImageOfPage":{"@id":"https:\/\/kaunokolegija.lt\/itf\/naujienos\/tarptautine-savaite-kauno-kolegija\/#primaryimage"},"image":{"@id":"https:\/\/kaunokolegija.lt\/itf\/naujienos\/tarptautine-savaite-kauno-kolegija\/#primaryimage"},"thumbnailUrl":"https:\/\/kaunokolegija.lt\/itf\/wp-content\/uploads\/sites\/16\/2026\/03\/Tarptautine-savaite-2026-1536x864-1.png","datePublished":"2026-03-17T12:48:21+00:00","description":"Baland\u017eio 13\u201317 dienomis Kauno kolegijoje vyksianti Tarptautin\u0117 savait\u0117 \u201eConnecting Minds, Empowering Futures: Data, Diversity, and a Digital Europe\u201c suburs sve\u010dius i\u0161 daugiau nei 20-ies \u0161ali\u0173: Pranc\u016bzijos, Ispanijos, Vokietijos, Albanijos, Kenijos, Jungtini\u0173 Amerikos Valstij\u0173, Indijos, Suomijos, Japonijos, Portugalijos ir kt.","breadcrumb":{"@id":"https:\/\/kaunokolegija.lt\/itf\/naujienos\/tarptautine-savaite-kauno-kolegija\/#breadcrumb"},"inLanguage":"lt-LT","potentialAction":[{"@type":"ReadAction","target":["https:\/\/kaunokolegija.lt\/itf\/naujienos\/tarptautine-savaite-kauno-kolegija\/"]}]},{"@type":"ImageObject","inLanguage":"lt-LT","@id":"https:\/\/kaunokolegija.lt\/itf\/naujienos\/tarptautine-savaite-kauno-kolegija\/#primaryimage","url":"https:\/\/kaunokolegija.lt\/itf\/wp-content\/uploads\/sites\/16\/2026\/03\/Tarptautine-savaite-2026-1536x864-1.png","contentUrl":"https:\/\/kaunokolegija.lt\/itf\/wp-content\/uploads\/sites\/16\/2026\/03\/Tarptautine-savaite-2026-1536x864-1.png","width":1536,"height":864},{"@type":"BreadcrumbList","@id":"https:\/\/kaunokolegija.lt\/itf\/naujienos\/tarptautine-savaite-kauno-kolegija\/#breadcrumb","itemListElement":[{"@type":"ListItem","position":1,"name":"Home","item":"https:\/\/kaunokolegija.lt\/itf\/"},{"@type":"ListItem","position":2,"name":"Tarptautin\u0117 savait\u0117 \u2013 baland\u017eio 13\u201317 dienomis: kvie\u010diame dalyvauti"}]},{"@type":"WebSite","@id":"https:\/\/kaunokolegija.lt\/itf\/#website","url":"https:\/\/kaunokolegija.lt\/itf\/","name":"Informatikos, in\u017einerijos ir technologij\u0173 fakultetas","description":"Kauno kolegija","publisher":{"@id":"https:\/\/kaunokolegija.lt\/itf\/#organization"},"potentialAction":[{"@type":"SearchAction","target":{"@type":"EntryPoint","urlTemplate":"https:\/\/kaunokolegija.lt\/itf\/?s={search_term_string}"},"query-input":{"@type":"PropertyValueSpecification","valueRequired":true,"valueName":"search_term_string"}}],"inLanguage":"lt-LT"},{"@type":"Organization","@id":"https:\/\/kaunokolegija.lt\/itf\/#organization","name":"Kauno kolegija","url":"https:\/\/kaunokolegija.lt\/itf\/","logo":{"@type":"ImageObject","inLanguage":"lt-LT","@id":"https:\/\/kaunokolegija.lt\/itf\/#\/schema\/logo\/image\/","url":"https:\/\/kaunokolegija.lt\/itf\/wp-content\/uploads\/sites\/16\/2026\/01\/cropped-KK_ITF_COLOR.png","contentUrl":"https:\/\/kaunokolegija.lt\/itf\/wp-content\/uploads\/sites\/16\/2026\/01\/cropped-KK_ITF_COLOR.png","width":2084,"height":2084,"caption":"Kauno kolegija"},"image":{"@id":"https:\/\/kaunokolegija.lt\/itf\/#\/schema\/logo\/image\/"},"sameAs":["https:\/\/www.facebook.com\/Kauno.kolegija\/"]},{"@type":"Person","@id":"https:\/\/kaunokolegija.lt\/itf\/#\/schema\/person\/ccfa654e8bae440e8a0c76aabe488c91","name":"ovidija","image":{"@type":"ImageObject","inLanguage":"lt-LT","@id":"https:\/\/secure.gravatar.com\/avatar\/1ad954cc2af1455849a381ba3436a58f53f2038da69d3d840abe768d73c52ae3?s=96&d=mm&r=g","url":"https:\/\/secure.gravatar.com\/avatar\/1ad954cc2af1455849a381ba3436a58f53f2038da69d3d840abe768d73c52ae3?s=96&d=mm&r=g","contentUrl":"https:\/\/secure.gravatar.com\/avatar\/1ad954cc2af1455849a381ba3436a58f53f2038da69d3d840abe768d73c52ae3?s=96&d=mm&r=g","caption":"ovidija"},"url":"https:\/\/kaunokolegija.lt\/itf\/naujienos\/author\/ovidija\/"}]}},"_links":{"self":[{"href":"https:\/\/kaunokolegija.lt\/itf\/wp-json\/wp\/v2\/posts\/279367","targetHints":{"allow":["GET"]}}],"collection":[{"href":"https:\/\/kaunokolegija.lt\/itf\/wp-json\/wp\/v2\/posts"}],"about":[{"href":"https:\/\/kaunokolegija.lt\/itf\/wp-json\/wp\/v2\/types\/post"}],"author":[{"embeddable":true,"href":"https:\/\/kaunokolegija.lt\/itf\/wp-json\/wp\/v2\/users\/10"}],"replies":[{"embeddable":true,"href":"https:\/\/kaunokolegija.lt\/itf\/wp-json\/wp\/v2\/comments?post=279367"}],"version-history":[{"count":2,"href":"https:\/\/kaunokolegija.lt\/itf\/wp-json\/wp\/v2\/posts\/279367\/revisions"}],"predecessor-version":[{"id":279370,"href":"https:\/\/kaunokolegija.lt\/itf\/wp-json\/wp\/v2\/posts\/279367\/revisions\/279370"}],"wp:featuredmedia":[{"embeddable":true,"href":"https:\/\/kaunokolegija.lt\/itf\/wp-json\/wp\/v2\/media\/279368"}],"wp:attachment":[{"href":"https:\/\/kaunokolegija.lt\/itf\/wp-json\/wp\/v2\/media?parent=279367"}],"wp:term":[{"taxonomy":"category","embeddable":true,"href":"https:\/\/kaunokolegija.lt\/itf\/wp-json\/wp\/v2\/categories?post=279367"},{"taxonomy":"post_tag","embeddable":true,"href":"https:\/\/kaunokolegija.lt\/itf\/wp-json\/wp\/v2\/tags?post=279367"}],"curies":[{"name":"wp","href":"https:\/\/api.w.org\/{rel}","templated":true}]}}