{"id":280175,"date":"2026-04-13T09:47:31","date_gmt":"2026-04-13T07:47:31","guid":{"rendered":"https:\/\/kaunokolegija.lt\/english\/?p=280175"},"modified":"2026-04-13T09:47:31","modified_gmt":"2026-04-13T07:47:31","slug":"business-and-technology-conference-2026-programme-announced","status":"publish","type":"post","link":"https:\/\/kaunokolegija.lt\/english\/news\/business-and-technology-conference-2026-programme-announced\/","title":{"rendered":"&#8216;Business and Technology Conference 2026&#8217; programme announced"},"content":{"rendered":"\n<p class=\"is-style-justify\"><strong>On Tuesday, 14 April, during International Week at Kauno kolegija Higher Education Institution, the Faculty of Business, together with the Faculty of Computing, Engineering and Technologies, is organising the international scientific conference <a href=\"https:\/\/businesstechnologyconference.com\/\" target=\"_blank\" rel=\"noreferrer noopener\"><em>Business and Technology Conference 2026<\/em><\/a>.\u00a0This year\u2019s conference theme,\u00a0<em>Sustainable and Intelligent Business Resilience<\/em>, will invite the academic community, business and technology experts, and innovation developers to discuss how organisations today build the capacity not only to withstand change, but also to turn it into opportunities for growth.<\/strong><\/p>\n\n\n\n<p class=\"is-style-justify\">The relevance of this topic stems from an increasingly complex contemporary environment in which businesses operate amid geopolitical tension, technological breakthroughs, climate change, regulatory shifts, and economic uncertainty. In this context, resilience can no longer be understood merely as the ability to survive a crisis. Rather, it is increasingly associated with organisations\u2019 ability to act strategically, innovate, make data-driven decisions, ensure sustainability, and maintain competitiveness in a rapidly changing environment.<\/p>\n\n\n\n<p class=\"is-style-justify\">During the plenary session, presentations will be delivered by experts with extensive international and interdisciplinary experience. One of them is&nbsp;<strong>\u00c1kos R. Wetters<\/strong>, a business executive, educator, education expert, and mentor from the Netherlands.<\/p>\n\n\n\n<figure data-wp-context=\"{&quot;imageId&quot;:&quot;69f4617a60546&quot;}\" data-wp-interactive=\"core\/image\" data-wp-key=\"69f4617a60546\" class=\"wp-block-image size-full wp-lightbox-container\"><img loading=\"lazy\" decoding=\"async\" width=\"1080\" height=\"1080\" data-wp-class--hide=\"state.isContentHidden\" data-wp-class--show=\"state.isContentVisible\" data-wp-init=\"callbacks.setButtonStyles\" data-wp-on--click=\"actions.showLightbox\" data-wp-on--load=\"callbacks.setButtonStyles\" data-wp-on-window--resize=\"callbacks.setButtonStyles\" src=\"https:\/\/kaunokolegija.lt\/english\/wp-content\/uploads\/sites\/13\/2026\/04\/Purple-Green-Modern-Speaker-Instagram-Post-5.png\" alt=\"\" class=\"wp-image-280176\" style=\"aspect-ratio:4\/3;object-fit:contain\" srcset=\"https:\/\/kaunokolegija.lt\/english\/wp-content\/uploads\/sites\/13\/2026\/04\/Purple-Green-Modern-Speaker-Instagram-Post-5.png 1080w, https:\/\/kaunokolegija.lt\/english\/wp-content\/uploads\/sites\/13\/2026\/04\/Purple-Green-Modern-Speaker-Instagram-Post-5-300x300.png 300w, https:\/\/kaunokolegija.lt\/english\/wp-content\/uploads\/sites\/13\/2026\/04\/Purple-Green-Modern-Speaker-Instagram-Post-5-1024x1024.png 1024w, https:\/\/kaunokolegija.lt\/english\/wp-content\/uploads\/sites\/13\/2026\/04\/Purple-Green-Modern-Speaker-Instagram-Post-5-150x150.png 150w, https:\/\/kaunokolegija.lt\/english\/wp-content\/uploads\/sites\/13\/2026\/04\/Purple-Green-Modern-Speaker-Instagram-Post-5-768x768.png 768w\" sizes=\"auto, (max-width: 1080px) 100vw, 1080px\" \/><button\n\t\t\tclass=\"lightbox-trigger\"\n\t\t\ttype=\"button\"\n\t\t\taria-haspopup=\"dialog\"\n\t\t\taria-label=\"Enlarge\"\n\t\t\tdata-wp-init=\"callbacks.initTriggerButton\"\n\t\t\tdata-wp-on--click=\"actions.showLightbox\"\n\t\t\tdata-wp-style--right=\"state.imageButtonRight\"\n\t\t\tdata-wp-style--top=\"state.imageButtonTop\"\n\t\t>\n\t\t\t<svg xmlns=\"http:\/\/www.w3.org\/2000\/svg\" width=\"12\" height=\"12\" fill=\"none\" viewBox=\"0 0 12 12\">\n\t\t\t\t<path fill=\"#fff\" d=\"M2 0a2 2 0 0 0-2 2v2h1.5V2a.5.5 0 0 1 .5-.5h2V0H2Zm2 10.5H2a.5.5 0 0 1-.5-.5V8H0v2a2 2 0 0 0 2 2h2v-1.5ZM8 12v-1.5h2a.5.5 0 0 0 .5-.5V8H12v2a2 2 0 0 1-2 2H8Zm2-12a2 2 0 0 1 2 2v2h-1.5V2a.5.5 0 0 0-.5-.5H8V0h2Z\" \/>\n\t\t\t<\/svg>\n\t\t<\/button><\/figure>\n\n\n\n<p class=\"is-style-justify\">With more than 25 years of experience in entrepreneurship, supply chain management, and open innovation, the speaker places strong emphasis on fostering innovative thinking and an entrepreneurial culture. He consistently highlights the importance of practical learning and challenge-based education, and regards mentoring as one of the most effective ways to inspire students, professionals, and start-ups to embrace change.<\/p>\n\n\n\n<p class=\"is-style-justify\">At the conference, \u00c1kos R. Wetters will deliver the plenary presentation&nbsp;<strong><em>Getting Regions into Flow: Aligning Learning, Innovation, and Collaboration for Real Resilience<\/em><\/strong>, in which he will examine how learning, innovation, and collaboration can become the foundation of genuine regional resilience.<\/p>\n\n\n\n<p class=\"is-style-justify\">Another plenary speaker is&nbsp;<strong>Dr Karolina Trak\u0161elyt\u0117-Rup\u0161ien\u0117<\/strong>, Coordinator of the BioTech Lab Division at Innovation Agency Lithuania.<\/p>\n\n\n\n<figure data-wp-context=\"{&quot;imageId&quot;:&quot;69f4617a61063&quot;}\" data-wp-interactive=\"core\/image\" data-wp-key=\"69f4617a61063\" class=\"wp-block-image size-full wp-lightbox-container\"><img loading=\"lazy\" decoding=\"async\" width=\"1080\" height=\"1080\" data-wp-class--hide=\"state.isContentHidden\" data-wp-class--show=\"state.isContentVisible\" data-wp-init=\"callbacks.setButtonStyles\" data-wp-on--click=\"actions.showLightbox\" data-wp-on--load=\"callbacks.setButtonStyles\" data-wp-on-window--resize=\"callbacks.setButtonStyles\" src=\"https:\/\/kaunokolegija.lt\/english\/wp-content\/uploads\/sites\/13\/2026\/04\/Purple-Green-Modern-Speaker-Instagram-Post-4.png\" alt=\"\" class=\"wp-image-280177\" style=\"aspect-ratio:4\/3;object-fit:contain\" srcset=\"https:\/\/kaunokolegija.lt\/english\/wp-content\/uploads\/sites\/13\/2026\/04\/Purple-Green-Modern-Speaker-Instagram-Post-4.png 1080w, https:\/\/kaunokolegija.lt\/english\/wp-content\/uploads\/sites\/13\/2026\/04\/Purple-Green-Modern-Speaker-Instagram-Post-4-300x300.png 300w, https:\/\/kaunokolegija.lt\/english\/wp-content\/uploads\/sites\/13\/2026\/04\/Purple-Green-Modern-Speaker-Instagram-Post-4-1024x1024.png 1024w, https:\/\/kaunokolegija.lt\/english\/wp-content\/uploads\/sites\/13\/2026\/04\/Purple-Green-Modern-Speaker-Instagram-Post-4-150x150.png 150w, https:\/\/kaunokolegija.lt\/english\/wp-content\/uploads\/sites\/13\/2026\/04\/Purple-Green-Modern-Speaker-Instagram-Post-4-768x768.png 768w\" sizes=\"auto, (max-width: 1080px) 100vw, 1080px\" \/><button\n\t\t\tclass=\"lightbox-trigger\"\n\t\t\ttype=\"button\"\n\t\t\taria-haspopup=\"dialog\"\n\t\t\taria-label=\"Enlarge\"\n\t\t\tdata-wp-init=\"callbacks.initTriggerButton\"\n\t\t\tdata-wp-on--click=\"actions.showLightbox\"\n\t\t\tdata-wp-style--right=\"state.imageButtonRight\"\n\t\t\tdata-wp-style--top=\"state.imageButtonTop\"\n\t\t>\n\t\t\t<svg xmlns=\"http:\/\/www.w3.org\/2000\/svg\" width=\"12\" height=\"12\" fill=\"none\" viewBox=\"0 0 12 12\">\n\t\t\t\t<path fill=\"#fff\" d=\"M2 0a2 2 0 0 0-2 2v2h1.5V2a.5.5 0 0 1 .5-.5h2V0H2Zm2 10.5H2a.5.5 0 0 1-.5-.5V8H0v2a2 2 0 0 0 2 2h2v-1.5ZM8 12v-1.5h2a.5.5 0 0 0 .5-.5V8H12v2a2 2 0 0 1-2 2H8Zm2-12a2 2 0 0 1 2 2v2h-1.5V2a.5.5 0 0 0-.5-.5H8V0h2Z\" \/>\n\t\t\t<\/svg>\n\t\t<\/button><\/figure>\n\n\n\n<p class=\"is-style-justify\">Her professional work focuses on building a dynamic innovation ecosystem that connects the academic community with business in the life sciences, agriculture, and food sectors. Holding a doctoral degree in chemical engineering and having also gained industrial experience, she actively works in the fields of innovation development, cross-sectoral cooperation, and the implementation of new solutions.<\/p>\n\n\n\n<p class=\"is-style-justify\">At the conference, she will deliver the presentation&nbsp;<strong><em>Shaping the Future of Food Innovation: Building a Sandbox to Bridge Regulatory Gaps<\/em><\/strong>, which will analyse the preconditions for faster food innovation development and for reducing regulatory gaps.<\/p>\n\n\n\n<p class=\"is-style-justify\">The plenary session will also feature&nbsp;<strong>Prof. Dr Margarita \u0160e\u0161elgyt\u0117<\/strong>, an expert in international relations and security policy who analyses geopolitical processes, changes in the international order, and their impact on the security of states and societies.<\/p>\n\n\n\n<figure data-wp-context=\"{&quot;imageId&quot;:&quot;69f4617a61a9a&quot;}\" data-wp-interactive=\"core\/image\" data-wp-key=\"69f4617a61a9a\" class=\"wp-block-image size-full wp-lightbox-container\"><img loading=\"lazy\" decoding=\"async\" width=\"1080\" height=\"1080\" data-wp-class--hide=\"state.isContentHidden\" data-wp-class--show=\"state.isContentVisible\" data-wp-init=\"callbacks.setButtonStyles\" data-wp-on--click=\"actions.showLightbox\" data-wp-on--load=\"callbacks.setButtonStyles\" data-wp-on-window--resize=\"callbacks.setButtonStyles\" src=\"https:\/\/kaunokolegija.lt\/english\/wp-content\/uploads\/sites\/13\/2026\/04\/Business-Conference-pranesejai.png\" alt=\"\" class=\"wp-image-280178\" style=\"aspect-ratio:4\/3;object-fit:contain\" srcset=\"https:\/\/kaunokolegija.lt\/english\/wp-content\/uploads\/sites\/13\/2026\/04\/Business-Conference-pranesejai.png 1080w, https:\/\/kaunokolegija.lt\/english\/wp-content\/uploads\/sites\/13\/2026\/04\/Business-Conference-pranesejai-300x300.png 300w, https:\/\/kaunokolegija.lt\/english\/wp-content\/uploads\/sites\/13\/2026\/04\/Business-Conference-pranesejai-1024x1024.png 1024w, https:\/\/kaunokolegija.lt\/english\/wp-content\/uploads\/sites\/13\/2026\/04\/Business-Conference-pranesejai-150x150.png 150w, https:\/\/kaunokolegija.lt\/english\/wp-content\/uploads\/sites\/13\/2026\/04\/Business-Conference-pranesejai-768x768.png 768w\" sizes=\"auto, (max-width: 1080px) 100vw, 1080px\" \/><button\n\t\t\tclass=\"lightbox-trigger\"\n\t\t\ttype=\"button\"\n\t\t\taria-haspopup=\"dialog\"\n\t\t\taria-label=\"Enlarge\"\n\t\t\tdata-wp-init=\"callbacks.initTriggerButton\"\n\t\t\tdata-wp-on--click=\"actions.showLightbox\"\n\t\t\tdata-wp-style--right=\"state.imageButtonRight\"\n\t\t\tdata-wp-style--top=\"state.imageButtonTop\"\n\t\t>\n\t\t\t<svg xmlns=\"http:\/\/www.w3.org\/2000\/svg\" width=\"12\" height=\"12\" fill=\"none\" viewBox=\"0 0 12 12\">\n\t\t\t\t<path fill=\"#fff\" d=\"M2 0a2 2 0 0 0-2 2v2h1.5V2a.5.5 0 0 1 .5-.5h2V0H2Zm2 10.5H2a.5.5 0 0 1-.5-.5V8H0v2a2 2 0 0 0 2 2h2v-1.5ZM8 12v-1.5h2a.5.5 0 0 0 .5-.5V8H12v2a2 2 0 0 1-2 2H8Zm2-12a2 2 0 0 1 2 2v2h-1.5V2a.5.5 0 0 0-.5-.5H8V0h2Z\" \/>\n\t\t\t<\/svg>\n\t\t<\/button><\/figure>\n\n\n\n<p class=\"is-style-justify\">In her academic and expert work, she places particular focus on defence policy, regional conflicts, and strategic shifts shaping today\u2019s global agenda. Her insights are especially relevant today, as the business environment is becoming increasingly intertwined with geopolitical uncertainty, issues of energy security, and new global threats.<\/p>\n\n\n\n<p class=\"is-style-justify\">At the conference, Prof. Dr Margarita \u0160e\u0161elgyt\u0117 will deliver the plenary presentation&nbsp;<strong><em>The New World Order and Our Security<\/em><\/strong>, in which she will discuss the changing international order, the security challenges it poses, and how these processes affect the resilience of states, organisations, and societies.<\/p>\n\n\n\n<p class=\"is-style-justify\">On the day of the conference, activities will take place across nine thematic sections. These will address such areas as artificial intelligence and digital resilience, financial resilience and climate risk management, cybersecurity and data protection, resilient organisations and leadership, supply chain and geopolitical resilience, energy reliability, as well as issues related to tourism, hospitality, sport, and wellbeing management. Particular attention will also be given to social entrepreneurship in the agriculture and food production sectors, as well as to the application of mathematics in solving contemporary business and technology challenges.<\/p>\n\n\n\n<p class=\"is-style-justify\">This thematic diversity also reflects the very nature of the conference itself: it is a platform where different disciplines, experiences, and perspectives come together. The event is intended for the academic community, doctoral students, and professionals in business, economics, and technology, with the aim of strengthening dialogue between science and practice, promoting scientific discussion, and sharing innovative ideas on the role of technology and business in contributing to economic growth and social change.&nbsp;<\/p>\n\n\n\n<p class=\"is-style-justify\">Such interaction is particularly important today, as complex challenges increasingly require multifaceted solutions grounded in research, analysis, and practical experience, while the principles of sustainability, digital solutions, and interdisciplinary cooperation are becoming essential preconditions for a resilient future.<\/p>\n\n\n\n<div class=\"wp-block-buttons is-content-justification-center is-layout-flex wp-container-core-buttons-is-layout-a89b3969 wp-block-buttons-is-layout-flex\">\n<div class=\"wp-block-button\"><a class=\"wp-block-button__link has-base-background-color has-text-color has-background has-link-color wp-element-button\" href=\"https:\/\/businesstechnologyconference.com\/wp-content\/uploads\/2026\/04\/Business-and-Technology-Conference-Programme.pdf\" style=\"color:#399e97\" target=\"_blank\" rel=\"noreferrer noopener\">programme<\/a><\/div>\n<\/div>\n\n\n\n<p class=\"is-style-justify\"><em>The event will be held in English.<\/em><\/p>\n\n\n\n<p class=\"is-style-justify\"><em>Please note that photography and filming will take place during the event. Therefore, you may appear in photographs or video recordings from the event, which may be published in publicly accessible spaces, including social media, the media, and further event communication.<\/em><\/p>\n\n\n\n<p><\/p>\n","protected":false},"excerpt":{"rendered":"<p>On Tuesday, 14 April, during International Week at Kauno kolegija Higher Education Institution, the Faculty of Business, together with the Faculty of Computing, Engineering and Technologies, is organising the international scientific conference&hellip;<\/p>\n","protected":false},"author":5,"featured_media":280179,"comment_status":"closed","ping_status":"closed","sticky":false,"template":"","format":"standard","meta":{"footnotes":""},"categories":[138],"tags":[],"class_list":["post-280175","post","type-post","status-publish","format-standard","has-post-thumbnail","hentry","category-news"],"yoast_head":"<!-- This site is optimized with the Yoast SEO plugin v27.5 - https:\/\/yoast.com\/product\/yoast-seo-wordpress\/ -->\n<title>&#039;Business and Technology Conference 2026&#039; programme announced - Higher Education Institution<\/title>\n<meta name=\"description\" content=\"On Tuesday, 14 April, during International Week at Kauno kolegija Higher Education Institution, the Faculty of Business, together with the Faculty of Computing, Engineering and Technologies, is organising the international scientific conference Business and Technology Conference 2026.\u00a0\" \/>\n<meta name=\"robots\" content=\"index, follow, max-snippet:-1, max-image-preview:large, max-video-preview:-1\" \/>\n<link rel=\"canonical\" href=\"https:\/\/kaunokolegija.lt\/english\/news\/business-and-technology-conference-2026-programme-announced\/\" \/>\n<meta property=\"og:locale\" content=\"en_US\" \/>\n<meta property=\"og:type\" content=\"article\" \/>\n<meta property=\"og:title\" content=\"&#039;Business and Technology Conference 2026&#039; programme announced - Higher Education Institution\" \/>\n<meta property=\"og:description\" content=\"On Tuesday, 14 April, during International Week at Kauno kolegija Higher Education Institution, the Faculty of Business, together with the Faculty of Computing, Engineering and Technologies, is organising the international scientific conference Business and Technology Conference 2026.\u00a0\" \/>\n<meta property=\"og:url\" content=\"https:\/\/kaunokolegija.lt\/english\/news\/business-and-technology-conference-2026-programme-announced\/\" \/>\n<meta property=\"og:site_name\" content=\"Higher Education Institution\" \/>\n<meta property=\"article:publisher\" content=\"https:\/\/www.facebook.com\/Kauno.kolegija\/\" \/>\n<meta property=\"article:published_time\" content=\"2026-04-13T07:47:31+00:00\" \/>\n<meta property=\"og:image\" content=\"https:\/\/kaunokolegija.lt\/english\/wp-content\/uploads\/sites\/13\/2026\/04\/Facebook-irasai-2026-3.png\" \/>\n\t<meta property=\"og:image:width\" content=\"1200\" \/>\n\t<meta property=\"og:image:height\" content=\"900\" \/>\n\t<meta property=\"og:image:type\" content=\"image\/png\" \/>\n<meta name=\"author\" content=\"monikak\" \/>\n<meta name=\"twitter:card\" content=\"summary_large_image\" \/>\n<meta name=\"twitter:label1\" content=\"Written by\" \/>\n\t<meta name=\"twitter:data1\" content=\"monikak\" \/>\n\t<meta name=\"twitter:label2\" content=\"Est. reading time\" \/>\n\t<meta name=\"twitter:data2\" content=\"5 minutes\" \/>\n<script type=\"application\/ld+json\" class=\"yoast-schema-graph\">{\"@context\":\"https:\\\/\\\/schema.org\",\"@graph\":[{\"@type\":\"Article\",\"@id\":\"https:\\\/\\\/kaunokolegija.lt\\\/english\\\/news\\\/business-and-technology-conference-2026-programme-announced\\\/#article\",\"isPartOf\":{\"@id\":\"https:\\\/\\\/kaunokolegija.lt\\\/english\\\/news\\\/business-and-technology-conference-2026-programme-announced\\\/\"},\"author\":{\"name\":\"monikak\",\"@id\":\"https:\\\/\\\/kaunokolegija.lt\\\/english\\\/#\\\/schema\\\/person\\\/ca4f40c62ea719e91e20f4631d68497c\"},\"headline\":\"&#8216;Business and Technology Conference 2026&#8217; programme announced\",\"datePublished\":\"2026-04-13T07:47:31+00:00\",\"mainEntityOfPage\":{\"@id\":\"https:\\\/\\\/kaunokolegija.lt\\\/english\\\/news\\\/business-and-technology-conference-2026-programme-announced\\\/\"},\"wordCount\":786,\"publisher\":{\"@id\":\"https:\\\/\\\/kaunokolegija.lt\\\/english\\\/#organization\"},\"image\":{\"@id\":\"https:\\\/\\\/kaunokolegija.lt\\\/english\\\/news\\\/business-and-technology-conference-2026-programme-announced\\\/#primaryimage\"},\"thumbnailUrl\":\"https:\\\/\\\/kaunokolegija.lt\\\/english\\\/wp-content\\\/uploads\\\/sites\\\/13\\\/2026\\\/04\\\/Facebook-irasai-2026-3.png\",\"articleSection\":[\"News\"],\"inLanguage\":\"en-US\"},{\"@type\":\"WebPage\",\"@id\":\"https:\\\/\\\/kaunokolegija.lt\\\/english\\\/news\\\/business-and-technology-conference-2026-programme-announced\\\/\",\"url\":\"https:\\\/\\\/kaunokolegija.lt\\\/english\\\/news\\\/business-and-technology-conference-2026-programme-announced\\\/\",\"name\":\"'Business and Technology Conference 2026' programme announced - Higher Education Institution\",\"isPartOf\":{\"@id\":\"https:\\\/\\\/kaunokolegija.lt\\\/english\\\/#website\"},\"primaryImageOfPage\":{\"@id\":\"https:\\\/\\\/kaunokolegija.lt\\\/english\\\/news\\\/business-and-technology-conference-2026-programme-announced\\\/#primaryimage\"},\"image\":{\"@id\":\"https:\\\/\\\/kaunokolegija.lt\\\/english\\\/news\\\/business-and-technology-conference-2026-programme-announced\\\/#primaryimage\"},\"thumbnailUrl\":\"https:\\\/\\\/kaunokolegija.lt\\\/english\\\/wp-content\\\/uploads\\\/sites\\\/13\\\/2026\\\/04\\\/Facebook-irasai-2026-3.png\",\"datePublished\":\"2026-04-13T07:47:31+00:00\",\"description\":\"On Tuesday, 14 April, during International Week at Kauno kolegija Higher Education Institution, the Faculty of Business, together with the Faculty of Computing, Engineering and Technologies, is organising the international scientific conference Business and Technology Conference 2026.\u00a0\",\"breadcrumb\":{\"@id\":\"https:\\\/\\\/kaunokolegija.lt\\\/english\\\/news\\\/business-and-technology-conference-2026-programme-announced\\\/#breadcrumb\"},\"inLanguage\":\"en-US\",\"potentialAction\":[{\"@type\":\"ReadAction\",\"target\":[\"https:\\\/\\\/kaunokolegija.lt\\\/english\\\/news\\\/business-and-technology-conference-2026-programme-announced\\\/\"]}]},{\"@type\":\"ImageObject\",\"inLanguage\":\"en-US\",\"@id\":\"https:\\\/\\\/kaunokolegija.lt\\\/english\\\/news\\\/business-and-technology-conference-2026-programme-announced\\\/#primaryimage\",\"url\":\"https:\\\/\\\/kaunokolegija.lt\\\/english\\\/wp-content\\\/uploads\\\/sites\\\/13\\\/2026\\\/04\\\/Facebook-irasai-2026-3.png\",\"contentUrl\":\"https:\\\/\\\/kaunokolegija.lt\\\/english\\\/wp-content\\\/uploads\\\/sites\\\/13\\\/2026\\\/04\\\/Facebook-irasai-2026-3.png\",\"width\":1200,\"height\":900},{\"@type\":\"BreadcrumbList\",\"@id\":\"https:\\\/\\\/kaunokolegija.lt\\\/english\\\/news\\\/business-and-technology-conference-2026-programme-announced\\\/#breadcrumb\",\"itemListElement\":[{\"@type\":\"ListItem\",\"position\":1,\"name\":\"Home\",\"item\":\"https:\\\/\\\/kaunokolegija.lt\\\/english\\\/\"},{\"@type\":\"ListItem\",\"position\":2,\"name\":\"&#8216;Business and Technology Conference 2026&#8217; programme announced\"}]},{\"@type\":\"WebSite\",\"@id\":\"https:\\\/\\\/kaunokolegija.lt\\\/english\\\/#website\",\"url\":\"https:\\\/\\\/kaunokolegija.lt\\\/english\\\/\",\"name\":\"Kauno kolegija\",\"description\":\"Kauno kolegija\",\"publisher\":{\"@id\":\"https:\\\/\\\/kaunokolegija.lt\\\/english\\\/#organization\"},\"potentialAction\":[{\"@type\":\"SearchAction\",\"target\":{\"@type\":\"EntryPoint\",\"urlTemplate\":\"https:\\\/\\\/kaunokolegija.lt\\\/english\\\/?s={search_term_string}\"},\"query-input\":{\"@type\":\"PropertyValueSpecification\",\"valueRequired\":true,\"valueName\":\"search_term_string\"}}],\"inLanguage\":\"en-US\"},{\"@type\":\"Organization\",\"@id\":\"https:\\\/\\\/kaunokolegija.lt\\\/english\\\/#organization\",\"name\":\"Kauno kolegija\",\"url\":\"https:\\\/\\\/kaunokolegija.lt\\\/english\\\/\",\"logo\":{\"@type\":\"ImageObject\",\"inLanguage\":\"en-US\",\"@id\":\"https:\\\/\\\/kaunokolegija.lt\\\/english\\\/#\\\/schema\\\/logo\\\/image\\\/\",\"url\":\"https:\\\/\\\/kaunokolegija.lt\\\/english\\\/wp-content\\\/uploads\\\/sites\\\/13\\\/2026\\\/01\\\/KK_en_logo-1-scaled.webp\",\"contentUrl\":\"https:\\\/\\\/kaunokolegija.lt\\\/english\\\/wp-content\\\/uploads\\\/sites\\\/13\\\/2026\\\/01\\\/KK_en_logo-1-scaled.webp\",\"width\":2560,\"height\":2560,\"caption\":\"Kauno kolegija\"},\"image\":{\"@id\":\"https:\\\/\\\/kaunokolegija.lt\\\/english\\\/#\\\/schema\\\/logo\\\/image\\\/\"},\"sameAs\":[\"https:\\\/\\\/www.facebook.com\\\/Kauno.kolegija\\\/\"]},{\"@type\":\"Person\",\"@id\":\"https:\\\/\\\/kaunokolegija.lt\\\/english\\\/#\\\/schema\\\/person\\\/ca4f40c62ea719e91e20f4631d68497c\",\"name\":\"monikak\",\"image\":{\"@type\":\"ImageObject\",\"inLanguage\":\"en-US\",\"@id\":\"https:\\\/\\\/secure.gravatar.com\\\/avatar\\\/0e16c8deeba0e623adc5c2979a56690b49660cd6cbc5e409e08dba06ce3d2aa5?s=96&d=mm&r=g\",\"url\":\"https:\\\/\\\/secure.gravatar.com\\\/avatar\\\/0e16c8deeba0e623adc5c2979a56690b49660cd6cbc5e409e08dba06ce3d2aa5?s=96&d=mm&r=g\",\"contentUrl\":\"https:\\\/\\\/secure.gravatar.com\\\/avatar\\\/0e16c8deeba0e623adc5c2979a56690b49660cd6cbc5e409e08dba06ce3d2aa5?s=96&d=mm&r=g\",\"caption\":\"monikak\"},\"url\":\"https:\\\/\\\/kaunokolegija.lt\\\/english\\\/news\\\/author\\\/monikak\\\/\"}]}<\/script>\n<!-- \/ Yoast SEO plugin. -->","yoast_head_json":{"title":"'Business and Technology Conference 2026' programme announced - Higher Education Institution","description":"On Tuesday, 14 April, during International Week at Kauno kolegija Higher Education Institution, the Faculty of Business, together with the Faculty of Computing, Engineering and Technologies, is organising the international scientific conference Business and Technology Conference 2026.\u00a0","robots":{"index":"index","follow":"follow","max-snippet":"max-snippet:-1","max-image-preview":"max-image-preview:large","max-video-preview":"max-video-preview:-1"},"canonical":"https:\/\/kaunokolegija.lt\/english\/news\/business-and-technology-conference-2026-programme-announced\/","og_locale":"en_US","og_type":"article","og_title":"'Business and Technology Conference 2026' programme announced - Higher Education Institution","og_description":"On Tuesday, 14 April, during International Week at Kauno kolegija Higher Education Institution, the Faculty of Business, together with the Faculty of Computing, Engineering and Technologies, is organising the international scientific conference Business and Technology Conference 2026.\u00a0","og_url":"https:\/\/kaunokolegija.lt\/english\/news\/business-and-technology-conference-2026-programme-announced\/","og_site_name":"Higher Education Institution","article_publisher":"https:\/\/www.facebook.com\/Kauno.kolegija\/","article_published_time":"2026-04-13T07:47:31+00:00","og_image":[{"width":1200,"height":900,"url":"https:\/\/kaunokolegija.lt\/english\/wp-content\/uploads\/sites\/13\/2026\/04\/Facebook-irasai-2026-3.png","type":"image\/png"}],"author":"monikak","twitter_card":"summary_large_image","twitter_misc":{"Written by":"monikak","Est. reading time":"5 minutes"},"schema":{"@context":"https:\/\/schema.org","@graph":[{"@type":"Article","@id":"https:\/\/kaunokolegija.lt\/english\/news\/business-and-technology-conference-2026-programme-announced\/#article","isPartOf":{"@id":"https:\/\/kaunokolegija.lt\/english\/news\/business-and-technology-conference-2026-programme-announced\/"},"author":{"name":"monikak","@id":"https:\/\/kaunokolegija.lt\/english\/#\/schema\/person\/ca4f40c62ea719e91e20f4631d68497c"},"headline":"&#8216;Business and Technology Conference 2026&#8217; programme announced","datePublished":"2026-04-13T07:47:31+00:00","mainEntityOfPage":{"@id":"https:\/\/kaunokolegija.lt\/english\/news\/business-and-technology-conference-2026-programme-announced\/"},"wordCount":786,"publisher":{"@id":"https:\/\/kaunokolegija.lt\/english\/#organization"},"image":{"@id":"https:\/\/kaunokolegija.lt\/english\/news\/business-and-technology-conference-2026-programme-announced\/#primaryimage"},"thumbnailUrl":"https:\/\/kaunokolegija.lt\/english\/wp-content\/uploads\/sites\/13\/2026\/04\/Facebook-irasai-2026-3.png","articleSection":["News"],"inLanguage":"en-US"},{"@type":"WebPage","@id":"https:\/\/kaunokolegija.lt\/english\/news\/business-and-technology-conference-2026-programme-announced\/","url":"https:\/\/kaunokolegija.lt\/english\/news\/business-and-technology-conference-2026-programme-announced\/","name":"'Business and Technology Conference 2026' programme announced - Higher Education Institution","isPartOf":{"@id":"https:\/\/kaunokolegija.lt\/english\/#website"},"primaryImageOfPage":{"@id":"https:\/\/kaunokolegija.lt\/english\/news\/business-and-technology-conference-2026-programme-announced\/#primaryimage"},"image":{"@id":"https:\/\/kaunokolegija.lt\/english\/news\/business-and-technology-conference-2026-programme-announced\/#primaryimage"},"thumbnailUrl":"https:\/\/kaunokolegija.lt\/english\/wp-content\/uploads\/sites\/13\/2026\/04\/Facebook-irasai-2026-3.png","datePublished":"2026-04-13T07:47:31+00:00","description":"On Tuesday, 14 April, during International Week at Kauno kolegija Higher Education Institution, the Faculty of Business, together with the Faculty of Computing, Engineering and Technologies, is organising the international scientific conference Business and Technology Conference 2026.\u00a0","breadcrumb":{"@id":"https:\/\/kaunokolegija.lt\/english\/news\/business-and-technology-conference-2026-programme-announced\/#breadcrumb"},"inLanguage":"en-US","potentialAction":[{"@type":"ReadAction","target":["https:\/\/kaunokolegija.lt\/english\/news\/business-and-technology-conference-2026-programme-announced\/"]}]},{"@type":"ImageObject","inLanguage":"en-US","@id":"https:\/\/kaunokolegija.lt\/english\/news\/business-and-technology-conference-2026-programme-announced\/#primaryimage","url":"https:\/\/kaunokolegija.lt\/english\/wp-content\/uploads\/sites\/13\/2026\/04\/Facebook-irasai-2026-3.png","contentUrl":"https:\/\/kaunokolegija.lt\/english\/wp-content\/uploads\/sites\/13\/2026\/04\/Facebook-irasai-2026-3.png","width":1200,"height":900},{"@type":"BreadcrumbList","@id":"https:\/\/kaunokolegija.lt\/english\/news\/business-and-technology-conference-2026-programme-announced\/#breadcrumb","itemListElement":[{"@type":"ListItem","position":1,"name":"Home","item":"https:\/\/kaunokolegija.lt\/english\/"},{"@type":"ListItem","position":2,"name":"&#8216;Business and Technology Conference 2026&#8217; programme announced"}]},{"@type":"WebSite","@id":"https:\/\/kaunokolegija.lt\/english\/#website","url":"https:\/\/kaunokolegija.lt\/english\/","name":"Kauno kolegija","description":"Kauno kolegija","publisher":{"@id":"https:\/\/kaunokolegija.lt\/english\/#organization"},"potentialAction":[{"@type":"SearchAction","target":{"@type":"EntryPoint","urlTemplate":"https:\/\/kaunokolegija.lt\/english\/?s={search_term_string}"},"query-input":{"@type":"PropertyValueSpecification","valueRequired":true,"valueName":"search_term_string"}}],"inLanguage":"en-US"},{"@type":"Organization","@id":"https:\/\/kaunokolegija.lt\/english\/#organization","name":"Kauno kolegija","url":"https:\/\/kaunokolegija.lt\/english\/","logo":{"@type":"ImageObject","inLanguage":"en-US","@id":"https:\/\/kaunokolegija.lt\/english\/#\/schema\/logo\/image\/","url":"https:\/\/kaunokolegija.lt\/english\/wp-content\/uploads\/sites\/13\/2026\/01\/KK_en_logo-1-scaled.webp","contentUrl":"https:\/\/kaunokolegija.lt\/english\/wp-content\/uploads\/sites\/13\/2026\/01\/KK_en_logo-1-scaled.webp","width":2560,"height":2560,"caption":"Kauno kolegija"},"image":{"@id":"https:\/\/kaunokolegija.lt\/english\/#\/schema\/logo\/image\/"},"sameAs":["https:\/\/www.facebook.com\/Kauno.kolegija\/"]},{"@type":"Person","@id":"https:\/\/kaunokolegija.lt\/english\/#\/schema\/person\/ca4f40c62ea719e91e20f4631d68497c","name":"monikak","image":{"@type":"ImageObject","inLanguage":"en-US","@id":"https:\/\/secure.gravatar.com\/avatar\/0e16c8deeba0e623adc5c2979a56690b49660cd6cbc5e409e08dba06ce3d2aa5?s=96&d=mm&r=g","url":"https:\/\/secure.gravatar.com\/avatar\/0e16c8deeba0e623adc5c2979a56690b49660cd6cbc5e409e08dba06ce3d2aa5?s=96&d=mm&r=g","contentUrl":"https:\/\/secure.gravatar.com\/avatar\/0e16c8deeba0e623adc5c2979a56690b49660cd6cbc5e409e08dba06ce3d2aa5?s=96&d=mm&r=g","caption":"monikak"},"url":"https:\/\/kaunokolegija.lt\/english\/news\/author\/monikak\/"}]}},"_links":{"self":[{"href":"https:\/\/kaunokolegija.lt\/english\/wp-json\/wp\/v2\/posts\/280175","targetHints":{"allow":["GET"]}}],"collection":[{"href":"https:\/\/kaunokolegija.lt\/english\/wp-json\/wp\/v2\/posts"}],"about":[{"href":"https:\/\/kaunokolegija.lt\/english\/wp-json\/wp\/v2\/types\/post"}],"author":[{"embeddable":true,"href":"https:\/\/kaunokolegija.lt\/english\/wp-json\/wp\/v2\/users\/5"}],"replies":[{"embeddable":true,"href":"https:\/\/kaunokolegija.lt\/english\/wp-json\/wp\/v2\/comments?post=280175"}],"version-history":[{"count":1,"href":"https:\/\/kaunokolegija.lt\/english\/wp-json\/wp\/v2\/posts\/280175\/revisions"}],"predecessor-version":[{"id":280180,"href":"https:\/\/kaunokolegija.lt\/english\/wp-json\/wp\/v2\/posts\/280175\/revisions\/280180"}],"wp:featuredmedia":[{"embeddable":true,"href":"https:\/\/kaunokolegija.lt\/english\/wp-json\/wp\/v2\/media\/280179"}],"wp:attachment":[{"href":"https:\/\/kaunokolegija.lt\/english\/wp-json\/wp\/v2\/media?parent=280175"}],"wp:term":[{"taxonomy":"category","embeddable":true,"href":"https:\/\/kaunokolegija.lt\/english\/wp-json\/wp\/v2\/categories?post=280175"},{"taxonomy":"post_tag","embeddable":true,"href":"https:\/\/kaunokolegija.lt\/english\/wp-json\/wp\/v2\/tags?post=280175"}],"curies":[{"name":"wp","href":"https:\/\/api.w.org\/{rel}","templated":true}]}}