{"id":279696,"date":"2026-03-27T07:33:46","date_gmt":"2026-03-27T05:33:46","guid":{"rendered":"https:\/\/kaunokolegija.lt\/alytus\/?p=279696"},"modified":"2026-04-02T08:22:25","modified_gmt":"2026-04-02T06:22:25","slug":"savanoryste-pietu-lietuvoje-alytus-fakultetas","status":"publish","type":"post","link":"https:\/\/kaunokolegija.lt\/alytus\/naujienos\/savanoryste-pietu-lietuvoje-alytus-fakultetas\/","title":{"rendered":"Savanoryst\u0117 Piet\u0173 Lietuvoje: susitikimas Alytuje Kauno kolegijoje Alytaus fakultete"},"content":{"rendered":"\n<p>Kauno kolegijos Alytaus fakultetas aktyviai \u012fsitraukia \u012f regiono bendruomen\u0117s stiprinim\u0105 ir pilieti\u0161kumo skatinim\u0105. Viena i\u0161 svarbi\u0173 kryp\u010di\u0173 \u2013 savanoryst\u0117s kult\u016bros pl\u0117tra ir efektyvesnis jos koordinavimas Piet\u0173 Lietuvoje.<\/p>\n\n\n\n<p>B\u016btent \u0161iems klausimams aptarti Alytuje vyko susitikimas, sub\u016br\u0119s savivaldos, nevyriausybini\u0173 organizacij\u0173, savanoryst\u0117s koordinatori\u0173 bei \u0161vietimo bendruomen\u0117s atstovus. Diskusij\u0173 metu ie\u0161kota sprendim\u0173, kaip stiprinti savanoryst\u0117s ekosistem\u0105 regione, didinti jos matomum\u0105 ir sudaryti daugiau galimybi\u0173 \u012fsitraukti \u012fvairioms visuomen\u0117s grup\u0117ms, ypa\u010d jaunimui.<\/p>\n\n\n\n<p><a href=\"https:\/\/teviskesnamai.lt\/\" id=\"https:\/\/teviskesnamai.lt\/\" target=\"_blank\" rel=\"noreferrer noopener\"><strong>T\u0117vi\u0161k\u0117s nam\u0173 bendruomen\u0117s<\/strong><\/a><strong> <\/strong>iniciatyva kovo 24 d. Kauno kolegijos Alytaus fakultete buvo surengta diskusija, skirta savanori\u0161kai veiklai ir \u0161ios veiklos koordinavimo problemoms aptarti. Renginys sub\u016br\u0117 nevyriausybini\u0173 organizacij\u0173 atstovus, U\u017eimtumo tarnybos bei regiono vie\u0161ojo sektoriaus specialistus ir praktikus, siekian\u010dius stiprinti savanoryst\u0117s kult\u016br\u0105 bei jos organizavimo kokyb\u0119 Piet\u0173 Lietuvoje.<\/p>\n\n\n\n<figure class=\"wp-block-image size-full\"><img loading=\"lazy\" decoding=\"async\" width=\"1200\" height=\"900\" src=\"https:\/\/kaunokolegija.lt\/alytus\/wp-content\/uploads\/sites\/17\/2026\/04\/Savanoryste-Pietu-Lietuvoje-susitikimas-Alytaus-fakultete.jpg\" alt=\"Savanoryst\u0117 Piet\u0173 Lietuvoje: susitikimas Kauno kolegijos Alytaus fakultete\" class=\"wp-image-279698\" srcset=\"https:\/\/kaunokolegija.lt\/alytus\/wp-content\/uploads\/sites\/17\/2026\/04\/Savanoryste-Pietu-Lietuvoje-susitikimas-Alytaus-fakultete.jpg 1200w, https:\/\/kaunokolegija.lt\/alytus\/wp-content\/uploads\/sites\/17\/2026\/04\/Savanoryste-Pietu-Lietuvoje-susitikimas-Alytaus-fakultete-300x225.jpg 300w, https:\/\/kaunokolegija.lt\/alytus\/wp-content\/uploads\/sites\/17\/2026\/04\/Savanoryste-Pietu-Lietuvoje-susitikimas-Alytaus-fakultete-1024x768.jpg 1024w, https:\/\/kaunokolegija.lt\/alytus\/wp-content\/uploads\/sites\/17\/2026\/04\/Savanoryste-Pietu-Lietuvoje-susitikimas-Alytaus-fakultete-768x576.jpg 768w\" sizes=\"auto, (max-width: 1200px) 100vw, 1200px\" \/><\/figure>\n\n\n\n<p><strong>Stiprios savanori\u0173 bendruomen\u0117s paie\u0161kos<\/strong><\/p>\n\n\n\n<p>Diskusij\u0105 prad\u0117jo moderator\u0117 <em>Vida Gri\u0161manauskien\u0117<\/em>, kviesdama susim\u0105styti, kas i\u0161 ties\u0173 sudaro stipri\u0105 savanori\u0173 bendruomen\u0119. Buvo akcentuota, kad savanoryst\u0117 n\u0117ra vien tik geranori\u0161ka veikla \u2013 tai strukt\u016bruotas procesas, reikalaujantis koordinavimo, motyvavimo ir ilgalaik\u0117s strategijos.<\/p>\n\n\n\n<p>Stipri bendruomen\u0117 formuojasi tada, kai savanoriai jau\u010diasi reikalingi, mato savo ind\u0117lio prasm\u0119 ir gauna tinkam\u0105 palaikym\u0105.<\/p>\n\n\n\n<p><strong>Gerosios praktikos Lietuvoje<\/strong><\/p>\n\n\n\n<p>Diskusijoje pristatyta savanori\u0161kos veiklos koordinavimo patirtis Lietuvoje. Savo \u012f\u017evalgomis dalijosi savanoryst\u0117s program\u0173 koordinator\u0117 Toma Dvilevi\u010dien\u0117 i\u0161 <a href=\"https:\/\/nibd.lt\/\" target=\"_blank\" rel=\"noreferrer noopener\">V\u0161\u012e \u201eNe imti, bet duoti\u201c<\/a> (Vilnius), pabr\u0117\u017eusi individualaus darbo su savanoriais svarb\u0105 bei jaunimo \u012ftraukimo i\u0161\u0161\u016bkius.<br>Savanori\u0173 centro vadov\u0117 Laura Galdikait\u0117 i\u0161 <a href=\"https:\/\/patria.lt\/lt_lt\/\" target=\"_blank\" rel=\"noreferrer noopener\">V\u0161\u012e \u201eActio Catholica Patria\u201c<\/a> (Kaunas) pristat\u0117 sisteming\u0105 savanori\u0173 rengimo ir lyd\u0117jimo model\u012f, kuris padeda u\u017etikrinti savanori\u0161kos veiklos t\u0119stinum\u0105.<\/p>\n\n\n\n<p>\u012e diskusij\u0105 Alytuje atvykusi Socialin\u0117s apsaugos ir darbo ministerijos Nevyriausybini\u0173 organizacij\u0173 pl\u0117tros grup\u0117s patar\u0117ja Viktorija Med\u017eiau\u0161ait\u0117-Ancevi\u010d\u0117 ap\u017evelg\u0117 valstyb\u0117s vaidmen\u012f stiprinant nevyriausybin\u012f sektori\u0173 ir savanoryst\u0117s politik\u0105, pristat\u0117 ministerijos numatomas iniciatyvas ir programas, planuojamas \u012fgyvendinti artimiausiu metu, kurios, tikimasi, sustiprins savanori\u0161kos veiklos pl\u0117tr\u0105 visoje Lietuvoje.<\/p>\n\n\n\n<p>Prane\u0161\u0117jai atkreip\u0117 d\u0117mes\u012f, kad s\u0117kminga savanoryst\u0117 neatsiejama nuo nuoseklaus ir profesionalaus koordinavimo \u2013 nuo ai\u0161kiai apibr\u0117\u017et\u0173 veikl\u0173 iki nuoseklaus savanori\u0173 ugdymo.<\/p>\n\n\n\n<p><strong>Kryptingo koordinavimo svarba Piet\u0173 Lietuvai<\/strong><\/p>\n\n\n\n<p>Diskusijos pabaigoje V\u0161\u012e \u201eT\u0117vi\u0161k\u0117s namai\u201c vadovas Jonas Balaika pasidalijo 15 met\u0173 patirtimi koordinuojant savanori\u0161k\u0105 veikl\u0105, akcentavo kryptingos savanori\u0161kos veiklos koordinavimo naud\u0105 ir pateik\u0117 pasi\u016blymus, kaip b\u016bt\u0173 galima kurti ir stiprinti savanoryst\u0117s koordinavim\u0105 Piet\u0173 Lietuvoje.<\/p>\n\n\n\n<p>Buvo i\u0161skirta, kad regionuose, tokiuose kaip Alytaus apskritis, savanoryst\u0117 da\u017enai vyksta fragmenti\u0161kai, tr\u016bksta unifikuotos savanoryst\u0117s programos, kuri pad\u0117t\u0173 sujungti savanorius ir organizacijas.<\/p>\n\n\n\n<p>Bendru sutarimu diskusijos dalyviai pritar\u0117, kad nuosekliai Piet\u0173 Lietuvoje dirbanti koordinuojanti organizacija gal\u0117t\u0173 veikti kaip tarpininkas tarp savanori\u0173 ir juos priiman\u010di\u0173 organizacij\u0173, pad\u0117ti u\u017etikrinti i\u0161samesn\u0119 informacijos sklaid\u0105 apie savanoryst\u0117s galimybes, nuolat organizuoti mokymus ir konsultacijas bei stiprinti savanori\u0173 motyvacij\u0105 ir kompetencijas.<\/p>\n\n\n\n<p>Diskusijos dalyvi\u0173 i\u0161reik\u0161tas ai\u0161kus poreikis tur\u0117ti savanori\u0161kos veiklos koordinavimu u\u017esiiman\u010di\u0105 NVO Alytaus regione. \u0160is poreikis gal\u0117t\u0173 b\u016bti grind\u017eiamas keliais aspektais:<\/p>\n\n\n\n<ul class=\"wp-block-list\">\n<li><strong>Fragmentuota veikla<\/strong> \u2013 savanoryst\u0117s iniciatyvos da\u017enai vykdomos pavieniui, tr\u016bksta bendros koordinacijos.<\/li>\n\n\n\n<li>I<strong>nformacijos stoka<\/strong> \u2013 gyventojai ne visuomet \u017eino apie savanoryst\u0117s galimybes, ypa\u010d ma\u017eesn\u0117se, ne tarptautin\u0117se organizacijose ir bendruomen\u0117se.<\/li>\n\n\n\n<li><strong>Savanori\u0173 i\u0161laikymo problema<\/strong> \u2013 be nuoseklaus koordinavimo savanoriai da\u017enai praranda motyvacij\u0105.<\/li>\n\n\n\n<li><strong>Regionin\u0117 atskirtis<\/strong> \u2013 ma\u017eesniuose miestuose ir miesteliuose savanoryst\u0117s infrastrukt\u016bra yra silpnesn\u0117 nei didmies\u010diuose.<\/li>\n<\/ul>\n\n\n\n<p>Renginio dalyviai aktyviai dalijosi savo organizacij\u0173 savanori\u0161kos veiklos patirtimi ir pabr\u0117\u017e\u0117, kad b\u016btent ma\u017eesn\u0117ms organizacijoms bei vietos bendruomen\u0117ms labiausiai tr\u016bksta tiek informacijos, tiek koordinavimo mechanizm\u0173. Tai riboja savanoryst\u0117s pl\u0117tr\u0105 ir ma\u017eina jos potencial\u0173 poveik\u012f regiono socialinei gerovei.<\/p>\n\n\n\n<p>Diskusijoje pasisakiusi <a href=\"https:\/\/alytus.lt\/\" target=\"_blank\" rel=\"noreferrer noopener\">Alytaus miesto savivaldyb\u0117s<\/a> tarybos nar\u0117 Ona Balevi\u010di\u016bt\u0117 akcentavo, kad COVID-19 ir pab\u0117g\u0117li\u0173 i\u0161 Ukrainos kriz\u0117s metu savanori\u0173 vaidmuo \u017eenkliai prisid\u0117jo prie \u0161i\u0173 problem\u0173 sprendimo, tod\u0117l kryptingas ir organizuotas savanori\u0161kos veiklos koordinavimas gal\u0117t\u0173 tapti reik\u0161minga parama ne tik nevyriausybin\u0117ms, bet ir savanori\u0161k\u0105 veikl\u0105 vykdan\u010dioms valstybin\u0117ms institucijoms bei bendruomen\u0117ms.<\/p>\n\n\n\n<p>Ji taip pat pabr\u0117\u017e\u0117, kad, sekant kit\u0173 Europos valstybi\u0173 pavyzd\u017eiu, savanoryst\u0117 gali prisid\u0117ti prie nacionalinio produkto k\u016brimo ir tur\u0117ti ap\u010diuopiam\u0105 ekonomin\u0119 naud\u0105 valstybei. Ta\u010diau tam b\u016btinos kryptingos investicijos \u2013 skiriamos l\u0117\u0161os savanoryst\u0117s koordinavimo sistemai kurti ir palaikyti.<\/p>\n\n\n\n<p><strong>Diskusija ir ateities perspektyvos<\/strong><\/p>\n\n\n\n<p>Renginys baig\u0117si apskritojo stalo diskusija, vykusia neformalioje aplinkoje prie puodelio kavos. Dalyviai dalijosi \u012f\u017evalgomis, si\u016blymais ir praktin\u0117mis id\u0117jomis, kaip stiprinti savanoryst\u0119 Piet\u0173 Lietuvoje.<\/p>\n\n\n\n<p>Diskusijos pabaigoje dalyviai pritar\u0117 savanori\u0161kos veiklos koordinuojan\u010dios \u012fstaigos paie\u0161kai Alytaus apskrities regione bei sutar\u0117 aktyviai \u012fsitraukti \u012f organizatori\u0173 si\u016blomus savanori\u0173 koordinavimo ir mentoryst\u0117s mokymus, planuojamus antr\u0105 \u0161i\u0173 met\u0173 ketvirt\u012f. Diskusijos organizatori\u0173 viso regiono organizacij\u0173 atstovai pakviesti prisijungti prie \u0161i\u0173 mokym\u0173 \u2013 savo nor\u0105 dalyvauti galima i\u0161reik\u0161ti registruojantis el. pa\u0161tu info@dzukijossavanoriai.lt.<\/p>\n\n\n\n<p>Apibendrinant galima teigti, kad renginys ne tik atskleid\u0117 esam\u0105 situacij\u0105, bet ir i\u0161ry\u0161kino ai\u0161ki\u0105 krypt\u012f \u2013 siekiant tvarios savanoryst\u0117s pl\u0117tros, b\u016btinas profesionalus koordinavimas, stiprus nevyriausybinis sektorius ir bendras institucij\u0173 bei bendruomeni\u0173 \u012fsitraukimas.<\/p>\n\n\n\n<p><em>Finansuota i\u0161 Nevyriausybini\u0173 organizacij\u0173 institucinio stiprinimo projekto \u201eT\u0117vi\u0161k\u0117s nam\u0173 bendruomen\u0117s teikiam\u0173 psichosocialini\u0173 paslaug\u0173 kokyb\u0117s gerinimas ir pl\u0117tra\u201c l\u0117\u0161\u0173.<\/em><\/p>\n\n\n\n<figure class=\"wp-block-gallery has-nested-images columns-default is-cropped wp-block-gallery-1 is-layout-flex wp-block-gallery-is-layout-flex\">\n<figure class=\"wp-block-image size-large\"><img loading=\"lazy\" decoding=\"async\" width=\"1024\" height=\"768\" data-id=\"279699\" src=\"https:\/\/kaunokolegija.lt\/alytus\/wp-content\/uploads\/sites\/17\/2026\/04\/Susitikimas-Alytuje.Kauno_kolegija.Savanoryste-Pietu-Lietuvoje-1024x768.jpeg\" alt=\"\" class=\"wp-image-279699\" srcset=\"https:\/\/kaunokolegija.lt\/alytus\/wp-content\/uploads\/sites\/17\/2026\/04\/Susitikimas-Alytuje.Kauno_kolegija.Savanoryste-Pietu-Lietuvoje-1024x768.jpeg 1024w, https:\/\/kaunokolegija.lt\/alytus\/wp-content\/uploads\/sites\/17\/2026\/04\/Susitikimas-Alytuje.Kauno_kolegija.Savanoryste-Pietu-Lietuvoje-300x225.jpeg 300w, https:\/\/kaunokolegija.lt\/alytus\/wp-content\/uploads\/sites\/17\/2026\/04\/Susitikimas-Alytuje.Kauno_kolegija.Savanoryste-Pietu-Lietuvoje-768x576.jpeg 768w, https:\/\/kaunokolegija.lt\/alytus\/wp-content\/uploads\/sites\/17\/2026\/04\/Susitikimas-Alytuje.Kauno_kolegija.Savanoryste-Pietu-Lietuvoje.jpeg 1044w\" sizes=\"auto, (max-width: 1024px) 100vw, 1024px\" \/><\/figure>\n\n\n\n<figure class=\"wp-block-image size-large\"><img loading=\"lazy\" decoding=\"async\" width=\"1024\" height=\"569\" data-id=\"279700\" src=\"https:\/\/kaunokolegija.lt\/alytus\/wp-content\/uploads\/sites\/17\/2026\/04\/Susitikimas-Alytus.Kauno_kolegija.Savanoryste-Pietu-Lietuvoje-1024x569.jpeg\" alt=\"\" class=\"wp-image-279700\" srcset=\"https:\/\/kaunokolegija.lt\/alytus\/wp-content\/uploads\/sites\/17\/2026\/04\/Susitikimas-Alytus.Kauno_kolegija.Savanoryste-Pietu-Lietuvoje-1024x569.jpeg 1024w, https:\/\/kaunokolegija.lt\/alytus\/wp-content\/uploads\/sites\/17\/2026\/04\/Susitikimas-Alytus.Kauno_kolegija.Savanoryste-Pietu-Lietuvoje-300x167.jpeg 300w, https:\/\/kaunokolegija.lt\/alytus\/wp-content\/uploads\/sites\/17\/2026\/04\/Susitikimas-Alytus.Kauno_kolegija.Savanoryste-Pietu-Lietuvoje-768x427.jpeg 768w, https:\/\/kaunokolegija.lt\/alytus\/wp-content\/uploads\/sites\/17\/2026\/04\/Susitikimas-Alytus.Kauno_kolegija.Savanoryste-Pietu-Lietuvoje.jpeg 1080w\" sizes=\"auto, (max-width: 1024px) 100vw, 1024px\" \/><\/figure>\n\n\n\n<figure class=\"wp-block-image size-large\"><img loading=\"lazy\" decoding=\"async\" width=\"1024\" height=\"569\" data-id=\"279701\" src=\"https:\/\/kaunokolegija.lt\/alytus\/wp-content\/uploads\/sites\/17\/2026\/04\/Susitikimas-Alytuje.Kauno_kolegija.alytaus_fakultetas.Savanoryste-Pietu-Lietuvoje-1024x569.jpg\" alt=\"\" class=\"wp-image-279701\" srcset=\"https:\/\/kaunokolegija.lt\/alytus\/wp-content\/uploads\/sites\/17\/2026\/04\/Susitikimas-Alytuje.Kauno_kolegija.alytaus_fakultetas.Savanoryste-Pietu-Lietuvoje-1024x569.jpg 1024w, https:\/\/kaunokolegija.lt\/alytus\/wp-content\/uploads\/sites\/17\/2026\/04\/Susitikimas-Alytuje.Kauno_kolegija.alytaus_fakultetas.Savanoryste-Pietu-Lietuvoje-300x167.jpg 300w, https:\/\/kaunokolegija.lt\/alytus\/wp-content\/uploads\/sites\/17\/2026\/04\/Susitikimas-Alytuje.Kauno_kolegija.alytaus_fakultetas.Savanoryste-Pietu-Lietuvoje-768x427.jpg 768w, https:\/\/kaunokolegija.lt\/alytus\/wp-content\/uploads\/sites\/17\/2026\/04\/Susitikimas-Alytuje.Kauno_kolegija.alytaus_fakultetas.Savanoryste-Pietu-Lietuvoje.jpg 1080w\" sizes=\"auto, (max-width: 1024px) 100vw, 1024px\" \/><\/figure>\n<\/figure>\n","protected":false},"excerpt":{"rendered":"<p>Kauno kolegijos Alytaus fakultetas aktyviai \u012fsitraukia \u012f regiono bendruomen\u0117s stiprinim\u0105 ir pilieti\u0161kumo skatinim\u0105. Viena i\u0161 svarbi\u0173 kryp\u010di\u0173 \u2013 savanoryst\u0117s kult\u016bros pl\u0117tra ir efektyvesnis jos koordinavimas Piet\u0173 Lietuvoje. B\u016btent \u0161iems klausimams aptarti Alytuje&hellip;<\/p>\n","protected":false},"author":8,"featured_media":279703,"comment_status":"closed","ping_status":"closed","sticky":false,"template":"","format":"standard","meta":{"footnotes":""},"categories":[1],"tags":[],"class_list":["post-279696","post","type-post","status-publish","format-standard","has-post-thumbnail","hentry","category-uncategorized"],"yoast_head":"<!-- This site is optimized with the Yoast SEO plugin v27.5 - https:\/\/yoast.com\/product\/yoast-seo-wordpress\/ -->\n<title>Savanoryst\u0117 Piet\u0173 Lietuvoje: susitikimas Alytaus fakultete<\/title>\n<meta name=\"description\" content=\"Kauno kolegijos Alytaus fakultete vykusiame susitikime aptarta, kaip stiprinti savanoryst\u0119 Piet\u0173 Lietuvoje \u2013 akcentuotas koordinavimas ir bendradarbiavimas.\" \/>\n<meta name=\"robots\" content=\"index, follow, max-snippet:-1, max-image-preview:large, max-video-preview:-1\" \/>\n<link rel=\"canonical\" href=\"https:\/\/kaunokolegija.lt\/alytus\/naujienos\/savanoryste-pietu-lietuvoje-alytus-fakultetas\/\" \/>\n<meta property=\"og:locale\" content=\"lt_LT\" \/>\n<meta property=\"og:type\" content=\"article\" \/>\n<meta property=\"og:title\" content=\"Savanoryst\u0117 Piet\u0173 Lietuvoje: susitikimas Alytaus fakultete\" \/>\n<meta property=\"og:description\" content=\"Kauno kolegijos Alytaus fakultete vykusiame susitikime aptarta, kaip stiprinti savanoryst\u0119 Piet\u0173 Lietuvoje \u2013 akcentuotas koordinavimas ir bendradarbiavimas.\" \/>\n<meta property=\"og:url\" content=\"https:\/\/kaunokolegija.lt\/alytus\/naujienos\/savanoryste-pietu-lietuvoje-alytus-fakultetas\/\" \/>\n<meta property=\"og:site_name\" content=\"Alytaus fakultetas\" \/>\n<meta property=\"article:publisher\" content=\"https:\/\/www.facebook.com\/Kauno.kolegija\/\" \/>\n<meta property=\"article:published_time\" content=\"2026-03-27T05:33:46+00:00\" \/>\n<meta property=\"article:modified_time\" content=\"2026-04-02T06:22:25+00:00\" \/>\n<meta property=\"og:image\" content=\"https:\/\/kaunokolegija.lt\/alytus\/wp-content\/uploads\/sites\/17\/2026\/03\/Susitikimas-Alytuje.Kauno_kolegija.alytaus_fakultetas.Savanoryste-Pietu-Lietuvoje.jpg\" \/>\n\t<meta property=\"og:image:width\" content=\"1080\" \/>\n\t<meta property=\"og:image:height\" content=\"600\" \/>\n\t<meta property=\"og:image:type\" content=\"image\/jpeg\" \/>\n<meta name=\"author\" content=\"sarune\" \/>\n<meta name=\"twitter:card\" content=\"summary_large_image\" \/>\n<meta name=\"twitter:label1\" content=\"Written by\" \/>\n\t<meta name=\"twitter:data1\" content=\"sarune\" \/>\n\t<meta name=\"twitter:label2\" content=\"Est. reading time\" \/>\n\t<meta name=\"twitter:data2\" content=\"5 minut\u0117s\" \/>\n<script type=\"application\/ld+json\" class=\"yoast-schema-graph\">{\"@context\":\"https:\\\/\\\/schema.org\",\"@graph\":[{\"@type\":\"Article\",\"@id\":\"https:\\\/\\\/kaunokolegija.lt\\\/alytus\\\/naujienos\\\/savanoryste-pietu-lietuvoje-alytus-fakultetas\\\/#article\",\"isPartOf\":{\"@id\":\"https:\\\/\\\/kaunokolegija.lt\\\/alytus\\\/naujienos\\\/savanoryste-pietu-lietuvoje-alytus-fakultetas\\\/\"},\"author\":{\"name\":\"sarune\",\"@id\":\"https:\\\/\\\/kaunokolegija.lt\\\/alytus\\\/#\\\/schema\\\/person\\\/b95cb2bc5e17870fc2704f3e7035bdaf\"},\"headline\":\"Savanoryst\u0117 Piet\u0173 Lietuvoje: susitikimas Alytuje Kauno kolegijoje Alytaus fakultete\",\"datePublished\":\"2026-03-27T05:33:46+00:00\",\"dateModified\":\"2026-04-02T06:22:25+00:00\",\"mainEntityOfPage\":{\"@id\":\"https:\\\/\\\/kaunokolegija.lt\\\/alytus\\\/naujienos\\\/savanoryste-pietu-lietuvoje-alytus-fakultetas\\\/\"},\"wordCount\":874,\"publisher\":{\"@id\":\"https:\\\/\\\/kaunokolegija.lt\\\/alytus\\\/#organization\"},\"image\":{\"@id\":\"https:\\\/\\\/kaunokolegija.lt\\\/alytus\\\/naujienos\\\/savanoryste-pietu-lietuvoje-alytus-fakultetas\\\/#primaryimage\"},\"thumbnailUrl\":\"https:\\\/\\\/kaunokolegija.lt\\\/alytus\\\/wp-content\\\/uploads\\\/sites\\\/17\\\/2026\\\/03\\\/Susitikimas-Alytuje.Kauno_kolegija.alytaus_fakultetas.Savanoryste-Pietu-Lietuvoje.jpg\",\"articleSection\":[\"Uncategorized\"],\"inLanguage\":\"lt-LT\"},{\"@type\":\"WebPage\",\"@id\":\"https:\\\/\\\/kaunokolegija.lt\\\/alytus\\\/naujienos\\\/savanoryste-pietu-lietuvoje-alytus-fakultetas\\\/\",\"url\":\"https:\\\/\\\/kaunokolegija.lt\\\/alytus\\\/naujienos\\\/savanoryste-pietu-lietuvoje-alytus-fakultetas\\\/\",\"name\":\"Savanoryst\u0117 Piet\u0173 Lietuvoje: susitikimas Alytaus fakultete\",\"isPartOf\":{\"@id\":\"https:\\\/\\\/kaunokolegija.lt\\\/alytus\\\/#website\"},\"primaryImageOfPage\":{\"@id\":\"https:\\\/\\\/kaunokolegija.lt\\\/alytus\\\/naujienos\\\/savanoryste-pietu-lietuvoje-alytus-fakultetas\\\/#primaryimage\"},\"image\":{\"@id\":\"https:\\\/\\\/kaunokolegija.lt\\\/alytus\\\/naujienos\\\/savanoryste-pietu-lietuvoje-alytus-fakultetas\\\/#primaryimage\"},\"thumbnailUrl\":\"https:\\\/\\\/kaunokolegija.lt\\\/alytus\\\/wp-content\\\/uploads\\\/sites\\\/17\\\/2026\\\/03\\\/Susitikimas-Alytuje.Kauno_kolegija.alytaus_fakultetas.Savanoryste-Pietu-Lietuvoje.jpg\",\"datePublished\":\"2026-03-27T05:33:46+00:00\",\"dateModified\":\"2026-04-02T06:22:25+00:00\",\"description\":\"Kauno kolegijos Alytaus fakultete vykusiame susitikime aptarta, kaip stiprinti savanoryst\u0119 Piet\u0173 Lietuvoje \u2013 akcentuotas koordinavimas ir bendradarbiavimas.\",\"breadcrumb\":{\"@id\":\"https:\\\/\\\/kaunokolegija.lt\\\/alytus\\\/naujienos\\\/savanoryste-pietu-lietuvoje-alytus-fakultetas\\\/#breadcrumb\"},\"inLanguage\":\"lt-LT\",\"potentialAction\":[{\"@type\":\"ReadAction\",\"target\":[\"https:\\\/\\\/kaunokolegija.lt\\\/alytus\\\/naujienos\\\/savanoryste-pietu-lietuvoje-alytus-fakultetas\\\/\"]}]},{\"@type\":\"ImageObject\",\"inLanguage\":\"lt-LT\",\"@id\":\"https:\\\/\\\/kaunokolegija.lt\\\/alytus\\\/naujienos\\\/savanoryste-pietu-lietuvoje-alytus-fakultetas\\\/#primaryimage\",\"url\":\"https:\\\/\\\/kaunokolegija.lt\\\/alytus\\\/wp-content\\\/uploads\\\/sites\\\/17\\\/2026\\\/03\\\/Susitikimas-Alytuje.Kauno_kolegija.alytaus_fakultetas.Savanoryste-Pietu-Lietuvoje.jpg\",\"contentUrl\":\"https:\\\/\\\/kaunokolegija.lt\\\/alytus\\\/wp-content\\\/uploads\\\/sites\\\/17\\\/2026\\\/03\\\/Susitikimas-Alytuje.Kauno_kolegija.alytaus_fakultetas.Savanoryste-Pietu-Lietuvoje.jpg\",\"width\":1080,\"height\":600,\"caption\":\"savanoryste-pietu-lietuvoje-alytus-fakultetas\"},{\"@type\":\"BreadcrumbList\",\"@id\":\"https:\\\/\\\/kaunokolegija.lt\\\/alytus\\\/naujienos\\\/savanoryste-pietu-lietuvoje-alytus-fakultetas\\\/#breadcrumb\",\"itemListElement\":[{\"@type\":\"ListItem\",\"position\":1,\"name\":\"Home\",\"item\":\"https:\\\/\\\/kaunokolegija.lt\\\/alytus\\\/\"},{\"@type\":\"ListItem\",\"position\":2,\"name\":\"Savanoryst\u0117 Piet\u0173 Lietuvoje: susitikimas Alytuje Kauno kolegijoje Alytaus fakultete\"}]},{\"@type\":\"WebSite\",\"@id\":\"https:\\\/\\\/kaunokolegija.lt\\\/alytus\\\/#website\",\"url\":\"https:\\\/\\\/kaunokolegija.lt\\\/alytus\\\/\",\"name\":\"Alytaus fakultetas\",\"description\":\"Kauno kolegija\",\"publisher\":{\"@id\":\"https:\\\/\\\/kaunokolegija.lt\\\/alytus\\\/#organization\"},\"potentialAction\":[{\"@type\":\"SearchAction\",\"target\":{\"@type\":\"EntryPoint\",\"urlTemplate\":\"https:\\\/\\\/kaunokolegija.lt\\\/alytus\\\/?s={search_term_string}\"},\"query-input\":{\"@type\":\"PropertyValueSpecification\",\"valueRequired\":true,\"valueName\":\"search_term_string\"}}],\"inLanguage\":\"lt-LT\"},{\"@type\":\"Organization\",\"@id\":\"https:\\\/\\\/kaunokolegija.lt\\\/alytus\\\/#organization\",\"name\":\"Kauno kolegija\",\"url\":\"https:\\\/\\\/kaunokolegija.lt\\\/alytus\\\/\",\"logo\":{\"@type\":\"ImageObject\",\"inLanguage\":\"lt-LT\",\"@id\":\"https:\\\/\\\/kaunokolegija.lt\\\/alytus\\\/#\\\/schema\\\/logo\\\/image\\\/\",\"url\":\"https:\\\/\\\/kaunokolegija.lt\\\/alytus\\\/wp-content\\\/uploads\\\/sites\\\/17\\\/2026\\\/01\\\/cropped-KK_ALYTUS_COLOR.png\",\"contentUrl\":\"https:\\\/\\\/kaunokolegija.lt\\\/alytus\\\/wp-content\\\/uploads\\\/sites\\\/17\\\/2026\\\/01\\\/cropped-KK_ALYTUS_COLOR.png\",\"width\":2084,\"height\":2084,\"caption\":\"Kauno kolegija\"},\"image\":{\"@id\":\"https:\\\/\\\/kaunokolegija.lt\\\/alytus\\\/#\\\/schema\\\/logo\\\/image\\\/\"},\"sameAs\":[\"https:\\\/\\\/www.facebook.com\\\/Kauno.kolegija\\\/\"]},{\"@type\":\"Person\",\"@id\":\"https:\\\/\\\/kaunokolegija.lt\\\/alytus\\\/#\\\/schema\\\/person\\\/b95cb2bc5e17870fc2704f3e7035bdaf\",\"name\":\"sarune\",\"image\":{\"@type\":\"ImageObject\",\"inLanguage\":\"lt-LT\",\"@id\":\"https:\\\/\\\/secure.gravatar.com\\\/avatar\\\/c3fd6cad1079b964228b826faa399c23739f1a81c79f999f667b2c7e6e2c1ab6?s=96&d=mm&r=g\",\"url\":\"https:\\\/\\\/secure.gravatar.com\\\/avatar\\\/c3fd6cad1079b964228b826faa399c23739f1a81c79f999f667b2c7e6e2c1ab6?s=96&d=mm&r=g\",\"contentUrl\":\"https:\\\/\\\/secure.gravatar.com\\\/avatar\\\/c3fd6cad1079b964228b826faa399c23739f1a81c79f999f667b2c7e6e2c1ab6?s=96&d=mm&r=g\",\"caption\":\"sarune\"},\"url\":\"https:\\\/\\\/kaunokolegija.lt\\\/alytus\\\/naujienos\\\/author\\\/sarune\\\/\"}]}<\/script>\n<!-- \/ Yoast SEO plugin. -->","yoast_head_json":{"title":"Savanoryst\u0117 Piet\u0173 Lietuvoje: susitikimas Alytaus fakultete","description":"Kauno kolegijos Alytaus fakultete vykusiame susitikime aptarta, kaip stiprinti savanoryst\u0119 Piet\u0173 Lietuvoje \u2013 akcentuotas koordinavimas ir bendradarbiavimas.","robots":{"index":"index","follow":"follow","max-snippet":"max-snippet:-1","max-image-preview":"max-image-preview:large","max-video-preview":"max-video-preview:-1"},"canonical":"https:\/\/kaunokolegija.lt\/alytus\/naujienos\/savanoryste-pietu-lietuvoje-alytus-fakultetas\/","og_locale":"lt_LT","og_type":"article","og_title":"Savanoryst\u0117 Piet\u0173 Lietuvoje: susitikimas Alytaus fakultete","og_description":"Kauno kolegijos Alytaus fakultete vykusiame susitikime aptarta, kaip stiprinti savanoryst\u0119 Piet\u0173 Lietuvoje \u2013 akcentuotas koordinavimas ir bendradarbiavimas.","og_url":"https:\/\/kaunokolegija.lt\/alytus\/naujienos\/savanoryste-pietu-lietuvoje-alytus-fakultetas\/","og_site_name":"Alytaus fakultetas","article_publisher":"https:\/\/www.facebook.com\/Kauno.kolegija\/","article_published_time":"2026-03-27T05:33:46+00:00","article_modified_time":"2026-04-02T06:22:25+00:00","og_image":[{"width":1080,"height":600,"url":"https:\/\/kaunokolegija.lt\/alytus\/wp-content\/uploads\/sites\/17\/2026\/03\/Susitikimas-Alytuje.Kauno_kolegija.alytaus_fakultetas.Savanoryste-Pietu-Lietuvoje.jpg","type":"image\/jpeg"}],"author":"sarune","twitter_card":"summary_large_image","twitter_misc":{"Written by":"sarune","Est. reading time":"5 minut\u0117s"},"schema":{"@context":"https:\/\/schema.org","@graph":[{"@type":"Article","@id":"https:\/\/kaunokolegija.lt\/alytus\/naujienos\/savanoryste-pietu-lietuvoje-alytus-fakultetas\/#article","isPartOf":{"@id":"https:\/\/kaunokolegija.lt\/alytus\/naujienos\/savanoryste-pietu-lietuvoje-alytus-fakultetas\/"},"author":{"name":"sarune","@id":"https:\/\/kaunokolegija.lt\/alytus\/#\/schema\/person\/b95cb2bc5e17870fc2704f3e7035bdaf"},"headline":"Savanoryst\u0117 Piet\u0173 Lietuvoje: susitikimas Alytuje Kauno kolegijoje Alytaus fakultete","datePublished":"2026-03-27T05:33:46+00:00","dateModified":"2026-04-02T06:22:25+00:00","mainEntityOfPage":{"@id":"https:\/\/kaunokolegija.lt\/alytus\/naujienos\/savanoryste-pietu-lietuvoje-alytus-fakultetas\/"},"wordCount":874,"publisher":{"@id":"https:\/\/kaunokolegija.lt\/alytus\/#organization"},"image":{"@id":"https:\/\/kaunokolegija.lt\/alytus\/naujienos\/savanoryste-pietu-lietuvoje-alytus-fakultetas\/#primaryimage"},"thumbnailUrl":"https:\/\/kaunokolegija.lt\/alytus\/wp-content\/uploads\/sites\/17\/2026\/03\/Susitikimas-Alytuje.Kauno_kolegija.alytaus_fakultetas.Savanoryste-Pietu-Lietuvoje.jpg","articleSection":["Uncategorized"],"inLanguage":"lt-LT"},{"@type":"WebPage","@id":"https:\/\/kaunokolegija.lt\/alytus\/naujienos\/savanoryste-pietu-lietuvoje-alytus-fakultetas\/","url":"https:\/\/kaunokolegija.lt\/alytus\/naujienos\/savanoryste-pietu-lietuvoje-alytus-fakultetas\/","name":"Savanoryst\u0117 Piet\u0173 Lietuvoje: susitikimas Alytaus fakultete","isPartOf":{"@id":"https:\/\/kaunokolegija.lt\/alytus\/#website"},"primaryImageOfPage":{"@id":"https:\/\/kaunokolegija.lt\/alytus\/naujienos\/savanoryste-pietu-lietuvoje-alytus-fakultetas\/#primaryimage"},"image":{"@id":"https:\/\/kaunokolegija.lt\/alytus\/naujienos\/savanoryste-pietu-lietuvoje-alytus-fakultetas\/#primaryimage"},"thumbnailUrl":"https:\/\/kaunokolegija.lt\/alytus\/wp-content\/uploads\/sites\/17\/2026\/03\/Susitikimas-Alytuje.Kauno_kolegija.alytaus_fakultetas.Savanoryste-Pietu-Lietuvoje.jpg","datePublished":"2026-03-27T05:33:46+00:00","dateModified":"2026-04-02T06:22:25+00:00","description":"Kauno kolegijos Alytaus fakultete vykusiame susitikime aptarta, kaip stiprinti savanoryst\u0119 Piet\u0173 Lietuvoje \u2013 akcentuotas koordinavimas ir bendradarbiavimas.","breadcrumb":{"@id":"https:\/\/kaunokolegija.lt\/alytus\/naujienos\/savanoryste-pietu-lietuvoje-alytus-fakultetas\/#breadcrumb"},"inLanguage":"lt-LT","potentialAction":[{"@type":"ReadAction","target":["https:\/\/kaunokolegija.lt\/alytus\/naujienos\/savanoryste-pietu-lietuvoje-alytus-fakultetas\/"]}]},{"@type":"ImageObject","inLanguage":"lt-LT","@id":"https:\/\/kaunokolegija.lt\/alytus\/naujienos\/savanoryste-pietu-lietuvoje-alytus-fakultetas\/#primaryimage","url":"https:\/\/kaunokolegija.lt\/alytus\/wp-content\/uploads\/sites\/17\/2026\/03\/Susitikimas-Alytuje.Kauno_kolegija.alytaus_fakultetas.Savanoryste-Pietu-Lietuvoje.jpg","contentUrl":"https:\/\/kaunokolegija.lt\/alytus\/wp-content\/uploads\/sites\/17\/2026\/03\/Susitikimas-Alytuje.Kauno_kolegija.alytaus_fakultetas.Savanoryste-Pietu-Lietuvoje.jpg","width":1080,"height":600,"caption":"savanoryste-pietu-lietuvoje-alytus-fakultetas"},{"@type":"BreadcrumbList","@id":"https:\/\/kaunokolegija.lt\/alytus\/naujienos\/savanoryste-pietu-lietuvoje-alytus-fakultetas\/#breadcrumb","itemListElement":[{"@type":"ListItem","position":1,"name":"Home","item":"https:\/\/kaunokolegija.lt\/alytus\/"},{"@type":"ListItem","position":2,"name":"Savanoryst\u0117 Piet\u0173 Lietuvoje: susitikimas Alytuje Kauno kolegijoje Alytaus fakultete"}]},{"@type":"WebSite","@id":"https:\/\/kaunokolegija.lt\/alytus\/#website","url":"https:\/\/kaunokolegija.lt\/alytus\/","name":"Alytaus fakultetas","description":"Kauno kolegija","publisher":{"@id":"https:\/\/kaunokolegija.lt\/alytus\/#organization"},"potentialAction":[{"@type":"SearchAction","target":{"@type":"EntryPoint","urlTemplate":"https:\/\/kaunokolegija.lt\/alytus\/?s={search_term_string}"},"query-input":{"@type":"PropertyValueSpecification","valueRequired":true,"valueName":"search_term_string"}}],"inLanguage":"lt-LT"},{"@type":"Organization","@id":"https:\/\/kaunokolegija.lt\/alytus\/#organization","name":"Kauno kolegija","url":"https:\/\/kaunokolegija.lt\/alytus\/","logo":{"@type":"ImageObject","inLanguage":"lt-LT","@id":"https:\/\/kaunokolegija.lt\/alytus\/#\/schema\/logo\/image\/","url":"https:\/\/kaunokolegija.lt\/alytus\/wp-content\/uploads\/sites\/17\/2026\/01\/cropped-KK_ALYTUS_COLOR.png","contentUrl":"https:\/\/kaunokolegija.lt\/alytus\/wp-content\/uploads\/sites\/17\/2026\/01\/cropped-KK_ALYTUS_COLOR.png","width":2084,"height":2084,"caption":"Kauno kolegija"},"image":{"@id":"https:\/\/kaunokolegija.lt\/alytus\/#\/schema\/logo\/image\/"},"sameAs":["https:\/\/www.facebook.com\/Kauno.kolegija\/"]},{"@type":"Person","@id":"https:\/\/kaunokolegija.lt\/alytus\/#\/schema\/person\/b95cb2bc5e17870fc2704f3e7035bdaf","name":"sarune","image":{"@type":"ImageObject","inLanguage":"lt-LT","@id":"https:\/\/secure.gravatar.com\/avatar\/c3fd6cad1079b964228b826faa399c23739f1a81c79f999f667b2c7e6e2c1ab6?s=96&d=mm&r=g","url":"https:\/\/secure.gravatar.com\/avatar\/c3fd6cad1079b964228b826faa399c23739f1a81c79f999f667b2c7e6e2c1ab6?s=96&d=mm&r=g","contentUrl":"https:\/\/secure.gravatar.com\/avatar\/c3fd6cad1079b964228b826faa399c23739f1a81c79f999f667b2c7e6e2c1ab6?s=96&d=mm&r=g","caption":"sarune"},"url":"https:\/\/kaunokolegija.lt\/alytus\/naujienos\/author\/sarune\/"}]}},"_links":{"self":[{"href":"https:\/\/kaunokolegija.lt\/alytus\/wp-json\/wp\/v2\/posts\/279696","targetHints":{"allow":["GET"]}}],"collection":[{"href":"https:\/\/kaunokolegija.lt\/alytus\/wp-json\/wp\/v2\/posts"}],"about":[{"href":"https:\/\/kaunokolegija.lt\/alytus\/wp-json\/wp\/v2\/types\/post"}],"author":[{"embeddable":true,"href":"https:\/\/kaunokolegija.lt\/alytus\/wp-json\/wp\/v2\/users\/8"}],"replies":[{"embeddable":true,"href":"https:\/\/kaunokolegija.lt\/alytus\/wp-json\/wp\/v2\/comments?post=279696"}],"version-history":[{"count":5,"href":"https:\/\/kaunokolegija.lt\/alytus\/wp-json\/wp\/v2\/posts\/279696\/revisions"}],"predecessor-version":[{"id":279709,"href":"https:\/\/kaunokolegija.lt\/alytus\/wp-json\/wp\/v2\/posts\/279696\/revisions\/279709"}],"wp:featuredmedia":[{"embeddable":true,"href":"https:\/\/kaunokolegija.lt\/alytus\/wp-json\/wp\/v2\/media\/279703"}],"wp:attachment":[{"href":"https:\/\/kaunokolegija.lt\/alytus\/wp-json\/wp\/v2\/media?parent=279696"}],"wp:term":[{"taxonomy":"category","embeddable":true,"href":"https:\/\/kaunokolegija.lt\/alytus\/wp-json\/wp\/v2\/categories?post=279696"},{"taxonomy":"post_tag","embeddable":true,"href":"https:\/\/kaunokolegija.lt\/alytus\/wp-json\/wp\/v2\/tags?post=279696"}],"curies":[{"name":"wp","href":"https:\/\/api.w.org\/{rel}","templated":true}]}}